{"id":195,"date":"2011-01-24T21:00:16","date_gmt":"2011-01-24T21:00:16","guid":{"rendered":"http:\/\/arte.vmribeiro.net\/?p=195"},"modified":"2011-01-24T21:00:16","modified_gmt":"2011-01-24T21:00:16","slug":"paco-dos-condes-de-barcelos","status":"publish","type":"post","link":"http:\/\/arte.vmribeiro.net\/?p=195","title":{"rendered":"Pa\u00e7o dos condes de Barcelos"},"content":{"rendered":"<figure id=\"attachment_196\" aria-describedby=\"caption-attachment-196\" style=\"width: 500px\" class=\"wp-caption aligncenter\"><a rel=\"attachment wp-att-196\" href=\"http:\/\/arte.vmribeiro.net\/?attachment_id=196\"><img loading=\"lazy\" decoding=\"async\" class=\"size-full wp-image-196\" title=\"BARCELOS (Portugal): Pa\u00e7o dos condes de Barcelos\" src=\"http:\/\/arte.vmribeiro.net\/wp-content\/uploads\/2011\/01\/159146012_9d7e82c77e.jpg\" alt=\"BARCELOS (Portugal): Pa\u00e7o dos condes de Barcelos\" width=\"500\" height=\"329\" srcset=\"http:\/\/arte.vmribeiro.net\/wp-content\/uploads\/2011\/01\/159146012_9d7e82c77e.jpg 500w, http:\/\/arte.vmribeiro.net\/wp-content\/uploads\/2011\/01\/159146012_9d7e82c77e-300x197.jpg 300w\" sizes=\"auto, (max-width: 500px) 100vw, 500px\" \/><\/a><figcaption id=\"caption-attachment-196\" class=\"wp-caption-text\">BARCELOS (Portugal): Pa\u00e7o dos condes de Barcelos<\/figcaption><\/figure>\n<p>\u00c9 um castelo apala\u00e7ado caracter\u00edstico dos fins da Idade M\u00e9dia,  constru\u00eddo na primeira metade do s\u00e9c. XV, por D. Afonso, 8\u00ba Conde de  Barcelos, 1\u00ba duque de Bragan\u00e7a. As suas 4 chamin\u00e9s com altos canudos  simbolizavam a casa mais rica de Barcelos.<br \/>\nFaltam \u00e0s ru\u00ednas de hoje  algumas partes importantes deste castelo apala\u00e7ado, tais como a torre  que se prolongava sobre a entrada da ponte e 3 das 4 chamin\u00e9s com  canudos altos.<br \/>\nA sua ru\u00edna ter-se-\u00e1 iniciado a partir do s\u00e9c. XVIII.<br \/>\nInstalado  neste espa\u00e7o, o Museu Arqueol\u00f3gico de Barcelos foi criado oficialmente  em 1920. J\u00e1 antes desta data se utilizava a \u00e1rea das ru\u00ednas do Pa\u00e7o dos  Condes para guardar pe\u00e7as l\u00edcitas de cariz arqueol\u00f3gico que eram  encontradas por todo o concelho, de \u00e9pocas muito distintas, fruto de  achados ocasionais ou provenientes do desmantelamento de monumentos  arquitect\u00f3nicos. Do seu esp\u00f3lio destaca-se ainda o Cruzeiro do Galo,  ex-libris de Barcelos.<\/p>\n","protected":false},"excerpt":{"rendered":"<p>\u00c9 um castelo apala\u00e7ado caracter\u00edstico dos fins da Idade M\u00e9dia, constru\u00eddo na primeira metade do s\u00e9c. XV, por D. Afonso, 8\u00ba Conde de Barcelos, 1\u00ba duque de Bragan\u00e7a. As suas 4 chamin\u00e9s com altos canudos simbolizavam a casa mais rica de Barcelos.<\/p>\n","protected":false},"author":1,"featured_media":0,"comment_status":"open","ping_status":"open","sticky":false,"template":"","format":"standard","meta":{"footnotes":""},"categories":[7,4],"tags":[72,77,79,13,78],"class_list":["post-195","post","type-post","status-publish","format-standard","hentry","category-arquitectura-arte-gotica","category-arte-gotica","tag-barcelos","tag-paco-dos-condes-de-barcelos","tag-palacio","tag-portugal","tag-ruina"],"_links":{"self":[{"href":"http:\/\/arte.vmribeiro.net\/index.php?rest_route=\/wp\/v2\/posts\/195","targetHints":{"allow":["GET"]}}],"collection":[{"href":"http:\/\/arte.vmribeiro.net\/index.php?rest_route=\/wp\/v2\/posts"}],"about":[{"href":"http:\/\/arte.vmribeiro.net\/index.php?rest_route=\/wp\/v2\/types\/post"}],"author":[{"embeddable":true,"href":"http:\/\/arte.vmribeiro.net\/index.php?rest_route=\/wp\/v2\/users\/1"}],"replies":[{"embeddable":true,"href":"http:\/\/arte.vmribeiro.net\/index.php?rest_route=%2Fwp%2Fv2%2Fcomments&post=195"}],"version-history":[{"count":3,"href":"http:\/\/arte.vmribeiro.net\/index.php?rest_route=\/wp\/v2\/posts\/195\/revisions"}],"predecessor-version":[{"id":199,"href":"http:\/\/arte.vmribeiro.net\/index.php?rest_route=\/wp\/v2\/posts\/195\/revisions\/199"}],"wp:attachment":[{"href":"http:\/\/arte.vmribeiro.net\/index.php?rest_route=%2Fwp%2Fv2%2Fmedia&parent=195"}],"wp:term":[{"taxonomy":"category","embeddable":true,"href":"http:\/\/arte.vmribeiro.net\/index.php?rest_route=%2Fwp%2Fv2%2Fcategories&post=195"},{"taxonomy":"post_tag","embeddable":true,"href":"http:\/\/arte.vmribeiro.net\/index.php?rest_route=%2Fwp%2Fv2%2Ftags&post=195"}],"curies":[{"name":"wp","href":"https:\/\/api.w.org\/{rel}","templated":true}]}}