{"id":267,"date":"2011-02-12T19:28:06","date_gmt":"2011-02-12T19:28:06","guid":{"rendered":"http:\/\/arte.vmribeiro.net\/?p=267"},"modified":"2011-02-12T19:28:29","modified_gmt":"2011-02-12T19:28:29","slug":"catedral-de-burgos","status":"publish","type":"post","link":"http:\/\/arte.vmribeiro.net\/?p=267","title":{"rendered":"Catedral de Burgos"},"content":{"rendered":"<figure id=\"attachment_269\" aria-describedby=\"caption-attachment-269\" style=\"width: 373px\" class=\"wp-caption aligncenter\"><a rel=\"attachment wp-att-269\" href=\"http:\/\/arte.vmribeiro.net\/?attachment_id=269\"><img loading=\"lazy\" decoding=\"async\" class=\"size-full wp-image-269\" title=\"Catedral de Burgos\" src=\"http:\/\/arte.vmribeiro.net\/wp-content\/uploads\/2011\/02\/173644074_ed4e4780fd.jpg\" alt=\"BURGOS (Espanha): Catedral\" width=\"373\" height=\"500\" srcset=\"http:\/\/arte.vmribeiro.net\/wp-content\/uploads\/2011\/02\/173644074_ed4e4780fd.jpg 373w, http:\/\/arte.vmribeiro.net\/wp-content\/uploads\/2011\/02\/173644074_ed4e4780fd-223x300.jpg 223w\" sizes=\"auto, (max-width: 373px) 100vw, 373px\" \/><\/a><figcaption id=\"caption-attachment-269\" class=\"wp-caption-text\">BURGOS (Espanha): Catedral<\/figcaption><\/figure>\n<p>A origem desta constru\u00e7\u00e3o remonta a in\u00edcios do s\u00e9culo XIII quando o bispo D. Maur\u00edcio \u00e9 incumbido de ir buscar a noiva do rei Fernando II, a princesa Beatriz da Su\u00e1bia. Esta longa viagem pela Fran\u00e7a e Alemanha, numa \u00e9poca em que estavam a ser constru\u00eddas a maior parte das catedrais g\u00f3ticas, deve ter despertado no prelado o desejo de substituir a pobre catedral primitiva de Burgos, por um monumento digno de ser a principal igreja de Castela. Inaugura-se, desta forma, uma das realiza\u00e7\u00f5es m\u00e1ximas do g\u00f3tico hisp\u00e2nico, caracterizada por uma nova profus\u00e3o ornamental que se vai desenvolver ao longo dos s\u00e9culos.\u00a0 Foi ampliada com o claustro e numerosas capelas,  entre as quais se destaca a do Condest\u00e1vel (s\u00e9c. XV) e da Santa Tecla  (s\u00e9c. XVIII). As agulhas da fachada principal datam do s\u00e9c. XV e o  zimb\u00f3rio do s\u00e9c. XVI.<\/p>\n<figure id=\"attachment_268\" aria-describedby=\"caption-attachment-268\" style=\"width: 375px\" class=\"wp-caption aligncenter\"><a rel=\"attachment wp-att-268\" href=\"http:\/\/arte.vmribeiro.net\/?attachment_id=268\"><img loading=\"lazy\" decoding=\"async\" class=\"size-full wp-image-268\" title=\"Catedral de Burgos\" src=\"http:\/\/arte.vmribeiro.net\/wp-content\/uploads\/2011\/02\/173644191_cc29a678a8.jpg\" alt=\"BURGOS (Espanha): Catedral (fachada\" width=\"375\" height=\"500\" srcset=\"http:\/\/arte.vmribeiro.net\/wp-content\/uploads\/2011\/02\/173644191_cc29a678a8.jpg 375w, http:\/\/arte.vmribeiro.net\/wp-content\/uploads\/2011\/02\/173644191_cc29a678a8-225x300.jpg 225w\" sizes=\"auto, (max-width: 375px) 100vw, 375px\" \/><\/a><figcaption id=\"caption-attachment-268\" class=\"wp-caption-text\">BURGOS (Espanha): Catedral (fachada<\/figcaption><\/figure>\n<p>O desenho da fachada principal est\u00e1 relacionado com o mais puro g\u00f3tico franc\u00eas das catedrais de Paris e Reims. A constru\u00e7\u00e3o articulou-se em duas partes. Primeiro, foram erguidas as tr\u00eas naves, o transepto e a capela-mor com deambulat\u00f3rio e capelas radiais, projectadas por arquitectos locais que se basearam em exemplos franceses, sobretudo no modelo de Bourges. De seguida, no decorrer do s\u00e9culo XV, \u00e9 edificada a fachada, com dois altos pin\u00e1culos requintadamente lavrados.<br \/>\nInfelizmente, no s\u00e9culo XVIII, as esculturas g\u00f3ticas dos portais da fachada principal foram retiradas e substitu\u00eddas por estas portas em estilo neocl\u00e1ssico.<\/p>\n","protected":false},"excerpt":{"rendered":"<p>A origem desta constru\u00e7\u00e3o remonta a in\u00edcios do s\u00e9culo XIII quando o bispo D. Maur\u00edcio \u00e9 incumbido de ir buscar a noiva do rei Fernando II, a princesa Beatriz da Su\u00e1bia.<\/p>\n","protected":false},"author":1,"featured_media":0,"comment_status":"open","ping_status":"open","sticky":false,"template":"","format":"standard","meta":{"footnotes":""},"categories":[7,4],"tags":[110,19,111,15],"class_list":["post-267","post","type-post","status-publish","format-standard","hentry","category-arquitectura-arte-gotica","category-arte-gotica","tag-burgos","tag-catedral","tag-catedral-de-burgos","tag-espanha"],"_links":{"self":[{"href":"http:\/\/arte.vmribeiro.net\/index.php?rest_route=\/wp\/v2\/posts\/267","targetHints":{"allow":["GET"]}}],"collection":[{"href":"http:\/\/arte.vmribeiro.net\/index.php?rest_route=\/wp\/v2\/posts"}],"about":[{"href":"http:\/\/arte.vmribeiro.net\/index.php?rest_route=\/wp\/v2\/types\/post"}],"author":[{"embeddable":true,"href":"http:\/\/arte.vmribeiro.net\/index.php?rest_route=\/wp\/v2\/users\/1"}],"replies":[{"embeddable":true,"href":"http:\/\/arte.vmribeiro.net\/index.php?rest_route=%2Fwp%2Fv2%2Fcomments&post=267"}],"version-history":[{"count":5,"href":"http:\/\/arte.vmribeiro.net\/index.php?rest_route=\/wp\/v2\/posts\/267\/revisions"}],"predecessor-version":[{"id":274,"href":"http:\/\/arte.vmribeiro.net\/index.php?rest_route=\/wp\/v2\/posts\/267\/revisions\/274"}],"wp:attachment":[{"href":"http:\/\/arte.vmribeiro.net\/index.php?rest_route=%2Fwp%2Fv2%2Fmedia&parent=267"}],"wp:term":[{"taxonomy":"category","embeddable":true,"href":"http:\/\/arte.vmribeiro.net\/index.php?rest_route=%2Fwp%2Fv2%2Fcategories&post=267"},{"taxonomy":"post_tag","embeddable":true,"href":"http:\/\/arte.vmribeiro.net\/index.php?rest_route=%2Fwp%2Fv2%2Ftags&post=267"}],"curies":[{"name":"wp","href":"https:\/\/api.w.org\/{rel}","templated":true}]}}