{"id":275,"date":"2011-02-13T18:47:09","date_gmt":"2011-02-13T18:47:09","guid":{"rendered":"http:\/\/arte.vmribeiro.net\/?p=275"},"modified":"2011-02-13T18:47:09","modified_gmt":"2011-02-13T18:47:09","slug":"galeria-dos-reis-na-catedral-de-burgos","status":"publish","type":"post","link":"http:\/\/arte.vmribeiro.net\/?p=275","title":{"rendered":"Galeria dos Reis na catedral de Burgos"},"content":{"rendered":"<figure id=\"attachment_276\" aria-describedby=\"caption-attachment-276\" style=\"width: 500px\" class=\"wp-caption aligncenter\"><a rel=\"attachment wp-att-276\" href=\"http:\/\/arte.vmribeiro.net\/?attachment_id=276\"><img loading=\"lazy\" decoding=\"async\" class=\"size-full wp-image-276\" title=\"Galeria dos Reis na catedral de Burgos\" src=\"http:\/\/arte.vmribeiro.net\/wp-content\/uploads\/2011\/02\/173644229_8121c39bd5.jpg\" alt=\"BURGOS (Espanha): Galeria dos Reis na fachada principal da Catedral.\" width=\"500\" height=\"376\" srcset=\"http:\/\/arte.vmribeiro.net\/wp-content\/uploads\/2011\/02\/173644229_8121c39bd5.jpg 500w, http:\/\/arte.vmribeiro.net\/wp-content\/uploads\/2011\/02\/173644229_8121c39bd5-300x225.jpg 300w\" sizes=\"auto, (max-width: 500px) 100vw, 500px\" \/><\/a><figcaption id=\"caption-attachment-276\" class=\"wp-caption-text\">BURGOS (Espanha): Galeria dos Reis na fachada principal da Catedral.<\/figcaption><\/figure>\n<p>A &#8220;Galeria dos Reis&#8221;, situada por cima da ros\u00e1cea da fachada principal,  mostra-nos oito est\u00e1tuas de reis coroados, de grande riqueza  escult\u00f3rica. Estes, est\u00e3o enquadrados por arcos agudos com quadrif\u00f3lios.<br \/>\nAs  opini\u00f5es dividem-se sobre quem representam estas figuras. Alguns  autores identificam-nos como reis castelhanos, anteriores a Fernando  III, o Santo. Outros, relacionam-nos com figuras b\u00edblicas ligadas \u00e0  Virgem Maria.<\/p>\n","protected":false},"excerpt":{"rendered":"<p>A &#8220;Galeria dos Reis&#8221;, situada por cima da ros\u00e1cea da fachada principal, mostra-nos oito est\u00e1tuas de reis coroados, de grande riqueza escult\u00f3rica. Estes, est\u00e3o enquadrados por arcos agudos com quadrif\u00f3lios.<\/p>\n","protected":false},"author":1,"featured_media":0,"comment_status":"open","ping_status":"open","sticky":false,"template":"","format":"standard","meta":{"footnotes":""},"categories":[7,4,8],"tags":[110,19,111,33,15,112],"class_list":["post-275","post","type-post","status-publish","format-standard","hentry","category-arquitectura-arte-gotica","category-arte-gotica","category-escultura-arte-gotica","tag-burgos","tag-catedral","tag-catedral-de-burgos","tag-esculturas","tag-espanha","tag-galeria-dos-reis"],"_links":{"self":[{"href":"http:\/\/arte.vmribeiro.net\/index.php?rest_route=\/wp\/v2\/posts\/275","targetHints":{"allow":["GET"]}}],"collection":[{"href":"http:\/\/arte.vmribeiro.net\/index.php?rest_route=\/wp\/v2\/posts"}],"about":[{"href":"http:\/\/arte.vmribeiro.net\/index.php?rest_route=\/wp\/v2\/types\/post"}],"author":[{"embeddable":true,"href":"http:\/\/arte.vmribeiro.net\/index.php?rest_route=\/wp\/v2\/users\/1"}],"replies":[{"embeddable":true,"href":"http:\/\/arte.vmribeiro.net\/index.php?rest_route=%2Fwp%2Fv2%2Fcomments&post=275"}],"version-history":[{"count":3,"href":"http:\/\/arte.vmribeiro.net\/index.php?rest_route=\/wp\/v2\/posts\/275\/revisions"}],"predecessor-version":[{"id":279,"href":"http:\/\/arte.vmribeiro.net\/index.php?rest_route=\/wp\/v2\/posts\/275\/revisions\/279"}],"wp:attachment":[{"href":"http:\/\/arte.vmribeiro.net\/index.php?rest_route=%2Fwp%2Fv2%2Fmedia&parent=275"}],"wp:term":[{"taxonomy":"category","embeddable":true,"href":"http:\/\/arte.vmribeiro.net\/index.php?rest_route=%2Fwp%2Fv2%2Fcategories&post=275"},{"taxonomy":"post_tag","embeddable":true,"href":"http:\/\/arte.vmribeiro.net\/index.php?rest_route=%2Fwp%2Fv2%2Ftags&post=275"}],"curies":[{"name":"wp","href":"https:\/\/api.w.org\/{rel}","templated":true}]}}