{"id":285,"date":"2011-02-15T18:36:26","date_gmt":"2011-02-15T18:36:26","guid":{"rendered":"http:\/\/arte.vmribeiro.net\/?p=285"},"modified":"2011-02-15T18:36:26","modified_gmt":"2011-02-15T18:36:26","slug":"timpano-da-porta-da-coroneria-na-catedral-de-burgos","status":"publish","type":"post","link":"http:\/\/arte.vmribeiro.net\/?p=285","title":{"rendered":"T\u00edmpano da porta da &#8220;Coroner\u00eda&#8221; na Catedral de Burgos"},"content":{"rendered":"<figure id=\"attachment_286\" aria-describedby=\"caption-attachment-286\" style=\"width: 500px\" class=\"wp-caption aligncenter\"><a rel=\"attachment wp-att-286\" href=\"http:\/\/arte.vmribeiro.net\/?attachment_id=286\"><img loading=\"lazy\" decoding=\"async\" class=\"size-full wp-image-286\" title=\"T\u00edmpano da porta da &quot;Coroner\u00eda&quot; na Catedral de Burgos\" src=\"http:\/\/arte.vmribeiro.net\/wp-content\/uploads\/2011\/02\/174028708_f63b6e4f59.jpg\" alt=\"BURGOS (Espanha): T\u00edmpano da porta da &quot;Coroner\u00eda&quot; na Catedral\" width=\"500\" height=\"361\" srcset=\"http:\/\/arte.vmribeiro.net\/wp-content\/uploads\/2011\/02\/174028708_f63b6e4f59.jpg 500w, http:\/\/arte.vmribeiro.net\/wp-content\/uploads\/2011\/02\/174028708_f63b6e4f59-300x216.jpg 300w\" sizes=\"auto, (max-width: 500px) 100vw, 500px\" \/><\/a><figcaption id=\"caption-attachment-286\" class=\"wp-caption-text\">BURGOS (Espanha): T\u00edmpano da porta da &quot;Coroner\u00eda&quot; na Catedral<\/figcaption><\/figure>\n<p>Porta de &#8220;Coroner\u00eda&#8221;, ou Cordeler\u00eda, ou Alta, ou dos Ap\u00f3stolos. Foi  terminada em 1250 e \u00e9 da autoria de mestre Enrique. No t\u00edmpano est\u00e1  representado o Ju\u00edzo Final, com Cristo no trono rodeado pela Virgem  Maria e S\u00e3o Jo\u00e3o Baptista. Na parte inferior est\u00e1 S. Miguel a pesar as  almas e a separar os justos dos condenados. O t\u00edmpano \u00e9 rodeado por tr\u00eas  arquivoltas com anjos e outras representa\u00e7\u00f5es do Ju\u00edzo Final.<\/p>\n","protected":false},"excerpt":{"rendered":"<p>Porta de &#8220;Coroner\u00eda&#8221;, ou Cordeler\u00eda, ou Alta, ou dos Ap\u00f3stolos. Foi terminada em 1250 e \u00e9 da autoria de mestre Enrique. No t\u00edmpano est\u00e1 representado o Ju\u00edzo Final, com Cristo no trono rodeado pela Virgem Maria e S\u00e3o Jo\u00e3o Baptista.<\/p>\n","protected":false},"author":1,"featured_media":0,"comment_status":"open","ping_status":"open","sticky":false,"template":"","format":"standard","meta":{"footnotes":""},"categories":[7,4,8],"tags":[110,111,62,15,114,103],"class_list":["post-285","post","type-post","status-publish","format-standard","hentry","category-arquitectura-arte-gotica","category-arte-gotica","category-escultura-arte-gotica","tag-burgos","tag-catedral-de-burgos","tag-escultura-2","tag-espanha","tag-porta-da-coroneria","tag-timpano"],"_links":{"self":[{"href":"http:\/\/arte.vmribeiro.net\/index.php?rest_route=\/wp\/v2\/posts\/285","targetHints":{"allow":["GET"]}}],"collection":[{"href":"http:\/\/arte.vmribeiro.net\/index.php?rest_route=\/wp\/v2\/posts"}],"about":[{"href":"http:\/\/arte.vmribeiro.net\/index.php?rest_route=\/wp\/v2\/types\/post"}],"author":[{"embeddable":true,"href":"http:\/\/arte.vmribeiro.net\/index.php?rest_route=\/wp\/v2\/users\/1"}],"replies":[{"embeddable":true,"href":"http:\/\/arte.vmribeiro.net\/index.php?rest_route=%2Fwp%2Fv2%2Fcomments&post=285"}],"version-history":[{"count":3,"href":"http:\/\/arte.vmribeiro.net\/index.php?rest_route=\/wp\/v2\/posts\/285\/revisions"}],"predecessor-version":[{"id":289,"href":"http:\/\/arte.vmribeiro.net\/index.php?rest_route=\/wp\/v2\/posts\/285\/revisions\/289"}],"wp:attachment":[{"href":"http:\/\/arte.vmribeiro.net\/index.php?rest_route=%2Fwp%2Fv2%2Fmedia&parent=285"}],"wp:term":[{"taxonomy":"category","embeddable":true,"href":"http:\/\/arte.vmribeiro.net\/index.php?rest_route=%2Fwp%2Fv2%2Fcategories&post=285"},{"taxonomy":"post_tag","embeddable":true,"href":"http:\/\/arte.vmribeiro.net\/index.php?rest_route=%2Fwp%2Fv2%2Ftags&post=285"}],"curies":[{"name":"wp","href":"https:\/\/api.w.org\/{rel}","templated":true}]}}