{"id":290,"date":"2011-02-16T18:31:41","date_gmt":"2011-02-16T18:31:41","guid":{"rendered":"http:\/\/arte.vmribeiro.net\/?p=290"},"modified":"2011-02-16T18:31:41","modified_gmt":"2011-02-16T18:31:41","slug":"zimborio-da-catedral-de-burgos","status":"publish","type":"post","link":"http:\/\/arte.vmribeiro.net\/?p=290","title":{"rendered":"Zimb\u00f3rio da catedral de Burgos"},"content":{"rendered":"<figure id=\"attachment_291\" aria-describedby=\"caption-attachment-291\" style=\"width: 375px\" class=\"wp-caption aligncenter\"><a rel=\"attachment wp-att-291\" href=\"http:\/\/arte.vmribeiro.net\/?attachment_id=291\"><img loading=\"lazy\" decoding=\"async\" class=\"size-full wp-image-291\" title=\"Zimb\u00f3rio da catedral de Burgos\" src=\"http:\/\/arte.vmribeiro.net\/wp-content\/uploads\/2011\/02\/174029022_445c140cb6.jpg\" alt=\"BURGOS (Espanha): Zimb\u00f3rio da catedral.\" width=\"375\" height=\"500\" srcset=\"http:\/\/arte.vmribeiro.net\/wp-content\/uploads\/2011\/02\/174029022_445c140cb6.jpg 375w, http:\/\/arte.vmribeiro.net\/wp-content\/uploads\/2011\/02\/174029022_445c140cb6-225x300.jpg 225w\" sizes=\"auto, (max-width: 375px) 100vw, 375px\" \/><\/a><figcaption id=\"caption-attachment-291\" class=\"wp-caption-text\">BURGOS (Espanha): Zimb\u00f3rio da catedral.<\/figcaption><\/figure>\n<p>O majestoso zimb\u00f3rio da catedral de Burgos data do s\u00e9culo XVI e \u00e9 da  autoria de Juan de Vallejo. O seu tra\u00e7ado \u00e9 octogonal com dois pisos  suportados por quatro gigantescos pilares, rematados no exterior por  quatro agulhas espectaculares. Os seus numerosos pin\u00e1culos e capit\u00e9is  s\u00e3o de estilo plateresco. Por debaixo do zimb\u00f3rio encontra-se o t\u00famulo  de Rodrigo Diaz de Vivar &#8211; el Cid &#8211; e de sua esposa Jimena.<\/p>\n","protected":false},"excerpt":{"rendered":"<p>O majestoso zimb\u00f3rio da catedral de Burgos data do s\u00e9culo XVI e \u00e9 da autoria de Juan de Vallejo.<\/p>\n","protected":false},"author":1,"featured_media":0,"comment_status":"open","ping_status":"open","sticky":false,"template":"","format":"standard","meta":{"footnotes":""},"categories":[7,4],"tags":[110,19,111,94,15,115,93],"class_list":["post-290","post","type-post","status-publish","format-standard","hentry","category-arquitectura-arte-gotica","category-arte-gotica","tag-burgos","tag-catedral","tag-catedral-de-burgos","tag-cupula","tag-espanha","tag-plateresco","tag-zimborio"],"_links":{"self":[{"href":"http:\/\/arte.vmribeiro.net\/index.php?rest_route=\/wp\/v2\/posts\/290","targetHints":{"allow":["GET"]}}],"collection":[{"href":"http:\/\/arte.vmribeiro.net\/index.php?rest_route=\/wp\/v2\/posts"}],"about":[{"href":"http:\/\/arte.vmribeiro.net\/index.php?rest_route=\/wp\/v2\/types\/post"}],"author":[{"embeddable":true,"href":"http:\/\/arte.vmribeiro.net\/index.php?rest_route=\/wp\/v2\/users\/1"}],"replies":[{"embeddable":true,"href":"http:\/\/arte.vmribeiro.net\/index.php?rest_route=%2Fwp%2Fv2%2Fcomments&post=290"}],"version-history":[{"count":3,"href":"http:\/\/arte.vmribeiro.net\/index.php?rest_route=\/wp\/v2\/posts\/290\/revisions"}],"predecessor-version":[{"id":294,"href":"http:\/\/arte.vmribeiro.net\/index.php?rest_route=\/wp\/v2\/posts\/290\/revisions\/294"}],"wp:attachment":[{"href":"http:\/\/arte.vmribeiro.net\/index.php?rest_route=%2Fwp%2Fv2%2Fmedia&parent=290"}],"wp:term":[{"taxonomy":"category","embeddable":true,"href":"http:\/\/arte.vmribeiro.net\/index.php?rest_route=%2Fwp%2Fv2%2Fcategories&post=290"},{"taxonomy":"post_tag","embeddable":true,"href":"http:\/\/arte.vmribeiro.net\/index.php?rest_route=%2Fwp%2Fv2%2Ftags&post=290"}],"curies":[{"name":"wp","href":"https:\/\/api.w.org\/{rel}","templated":true}]}}