{"id":395,"date":"2011-03-19T08:24:11","date_gmt":"2011-03-19T08:24:11","guid":{"rendered":"http:\/\/arte.vmribeiro.net\/?p=395"},"modified":"2011-03-19T08:24:11","modified_gmt":"2011-03-19T08:24:11","slug":"catedrais-de-salamanca","status":"publish","type":"post","link":"http:\/\/arte.vmribeiro.net\/?p=395","title":{"rendered":"Catedrais de Salamanca"},"content":{"rendered":"<figure id=\"attachment_396\" aria-describedby=\"caption-attachment-396\" style=\"width: 500px\" class=\"wp-caption aligncenter\"><a rel=\"attachment wp-att-396\" href=\"http:\/\/arte.vmribeiro.net\/?attachment_id=396\"><img loading=\"lazy\" decoding=\"async\" class=\"size-full wp-image-396\" title=\"Catedrais de Salamanca\" src=\"http:\/\/arte.vmribeiro.net\/wp-content\/uploads\/2011\/03\/183934376_a52da5afda.jpg\" alt=\"SALAMANCA (Espanha): Catedrais.\" width=\"500\" height=\"375\" srcset=\"http:\/\/arte.vmribeiro.net\/wp-content\/uploads\/2011\/03\/183934376_a52da5afda.jpg 500w, http:\/\/arte.vmribeiro.net\/wp-content\/uploads\/2011\/03\/183934376_a52da5afda-300x225.jpg 300w\" sizes=\"auto, (max-width: 500px) 100vw, 500px\" \/><\/a><figcaption id=\"caption-attachment-396\" class=\"wp-caption-text\">SALAMANCA (Espanha): Catedrais.<\/figcaption><\/figure>\n<p>Salamanca \u00e9 um dos poucos lugares do mundo cat\u00f3lico que tem duas  catedrais. V\u00e1rias igrejas, sim, mas duas catedrais n\u00e3o costuma  acontecer. A catedral velha est\u00e1 a par da catedral nova, no bairro  antigo da cidade espanhola. De estilo g\u00f3tico, levaram quase dois s\u00e9culos  em constru\u00ed-la: desde o s\u00e9c. XVI at\u00e9 XVIII. Integra-se muito bem com o  resto do centro velho de Salamanca, a sua universidade centen\u00e1ria, e as  suas ruas cheias das conchas douradas que orientam os peregrinos de  Santiago.<\/p>\n","protected":false},"excerpt":{"rendered":"<p>Salamanca \u00e9 um dos poucos lugares do mundo cat\u00f3lico que tem duas catedrais. V\u00e1rias igrejas, sim, mas duas catedrais n\u00e3o costuma acontecer. A catedral velha est\u00e1 a par da catedral nova, no bairro antigo da cidade espanhola. De estilo g\u00f3tico, levaram quase dois s\u00e9culos em constru\u00ed-la: desde o s\u00e9c. XVI at\u00e9 XVIII. Integra-se muito bem &hellip; <\/p>\n<p class=\"link-more\"><a href=\"http:\/\/arte.vmribeiro.net\/?p=395\" class=\"more-link\">Continue reading<span class=\"screen-reader-text\"> &#8220;Catedrais de Salamanca&#8221;<\/span><\/a><\/p>\n","protected":false},"author":1,"featured_media":0,"comment_status":"open","ping_status":"open","sticky":false,"template":"","format":"standard","meta":{"footnotes":""},"categories":[7,4],"tags":[150,19,149,15,80],"class_list":["post-395","post","type-post","status-publish","format-standard","hentry","category-arquitectura-arte-gotica","category-arte-gotica","tag-catedrais-de-salamanca","tag-catedral","tag-catedral-de-salamanca","tag-espanha","tag-salamanca"],"_links":{"self":[{"href":"http:\/\/arte.vmribeiro.net\/index.php?rest_route=\/wp\/v2\/posts\/395","targetHints":{"allow":["GET"]}}],"collection":[{"href":"http:\/\/arte.vmribeiro.net\/index.php?rest_route=\/wp\/v2\/posts"}],"about":[{"href":"http:\/\/arte.vmribeiro.net\/index.php?rest_route=\/wp\/v2\/types\/post"}],"author":[{"embeddable":true,"href":"http:\/\/arte.vmribeiro.net\/index.php?rest_route=\/wp\/v2\/users\/1"}],"replies":[{"embeddable":true,"href":"http:\/\/arte.vmribeiro.net\/index.php?rest_route=%2Fwp%2Fv2%2Fcomments&post=395"}],"version-history":[{"count":3,"href":"http:\/\/arte.vmribeiro.net\/index.php?rest_route=\/wp\/v2\/posts\/395\/revisions"}],"predecessor-version":[{"id":399,"href":"http:\/\/arte.vmribeiro.net\/index.php?rest_route=\/wp\/v2\/posts\/395\/revisions\/399"}],"wp:attachment":[{"href":"http:\/\/arte.vmribeiro.net\/index.php?rest_route=%2Fwp%2Fv2%2Fmedia&parent=395"}],"wp:term":[{"taxonomy":"category","embeddable":true,"href":"http:\/\/arte.vmribeiro.net\/index.php?rest_route=%2Fwp%2Fv2%2Fcategories&post=395"},{"taxonomy":"post_tag","embeddable":true,"href":"http:\/\/arte.vmribeiro.net\/index.php?rest_route=%2Fwp%2Fv2%2Ftags&post=395"}],"curies":[{"name":"wp","href":"https:\/\/api.w.org\/{rel}","templated":true}]}}