{"id":425,"date":"2011-04-02T12:53:22","date_gmt":"2011-04-02T12:53:22","guid":{"rendered":"http:\/\/arte.vmribeiro.net\/?p=425"},"modified":"2011-04-02T12:53:22","modified_gmt":"2011-04-02T12:53:22","slug":"interior-da-se-da-guarda","status":"publish","type":"post","link":"http:\/\/arte.vmribeiro.net\/?p=425","title":{"rendered":"Interior da S\u00e9 da Guarda"},"content":{"rendered":"<div class=\"mceTemp mceIEcenter\" draggable=\"\">\n<dl id=\"attachment_426\" class=\"wp-caption aligncenter\" style=\"width: 385px;\" _mce_style=\"width: 385px;\">\n<dt class=\"wp-caption-dt\"><a href=\"http:\/\/arte.vmribeiro.net\/?attachment_id=426\" _mce_href=\"http:\/\/arte.vmribeiro.net\/?attachment_id=426\" rel=\"attachment wp-att-426\"><img loading=\"lazy\" decoding=\"async\" src=\"http:\/\/arte.vmribeiro.net\/wp-content\/uploads\/2011\/04\/191536843_b36dc8bc25.jpg\" _mce_src=\"http:\/\/arte.vmribeiro.net\/wp-content\/uploads\/2011\/04\/191536843_b36dc8bc25.jpg\" alt=\"GUARDA (Portugal): Interior da S\u00e9 Catedral.\" title=\"Interior da S\u00e9 da Guarda\" class=\"size-full wp-image-426\" width=\"375\" height=\"500\" srcset=\"http:\/\/arte.vmribeiro.net\/wp-content\/uploads\/2011\/04\/191536843_b36dc8bc25.jpg 375w, http:\/\/arte.vmribeiro.net\/wp-content\/uploads\/2011\/04\/191536843_b36dc8bc25-225x300.jpg 225w\" sizes=\"auto, (max-width: 375px) 100vw, 375px\" \/><\/a><br _mce_bogus=\"1\"><\/dt>\n<dd class=\"wp-caption-dd\">GUARDA (Portugal): Interior da S\u00e9 Catedral.<\/dd>\n<\/dl>\n<\/div>\n<p>As naves t\u00eam cinco tramos, formando arcada de volta perfeita, assente em  pilares com colunas adossadas, aos quais se adossam as colunas de fuste  liso que descarregam o peso dos arcos formeiros, de perfil apontado,  que dividem as ab\u00f3badas, em cruzaria de ogivas, com bocetes ornados por  motivos fitom\u00f3rficos; sobre as arcadas da nave central, rasga-se o  clerest\u00f3rio em arco de volta perfeita; pavimento em lajeado de granito,  possuindo 134 lajes sepulcrais. A parede fundeira \u00e9 rasgada por duas  capelas, que se situam na base das torres, a do lado da Ep\u00edstola  funcionando como baptist\u00e9rio, ambas de planta poligonal e com acesso por  arco levemente apontado, com arquivolta toreada assente em colunas de  fuste liso, sobre altas bases com toros e esc\u00f3cias, apresentando  capit\u00e9is ornados por esferas; ambas est\u00e3o protegidas por grades  met\u00e1licas, com o interior de pavimento lajeado e coberturas em abobadas  polinervadas, com v\u00e1rios bocetes ornados por elementos fitom\u00f3rficos.<br \/>Na capela-mor conserva-se o imponente ret\u00e1bulo escult\u00f3rico maneirista, da autoria de Jo\u00e3o de Ru\u00e3o.<\/p>\n","protected":false},"excerpt":{"rendered":"<p>GUARDA (Portugal): Interior da S\u00e9 Catedral. As naves t\u00eam cinco tramos, formando arcada de volta perfeita, assente em pilares com colunas adossadas, aos quais se adossam as colunas de fuste liso que descarregam o peso dos arcos formeiros, de perfil apontado, que dividem as ab\u00f3badas, em cruzaria de ogivas, com bocetes ornados por motivos fitom\u00f3rficos; &hellip; <\/p>\n<p class=\"link-more\"><a href=\"http:\/\/arte.vmribeiro.net\/?p=425\" class=\"more-link\">Continue reading<span class=\"screen-reader-text\"> &#8220;Interior da S\u00e9 da Guarda&#8221;<\/span><\/a><\/p>\n","protected":false},"author":1,"featured_media":0,"comment_status":"open","ping_status":"open","sticky":false,"template":"","format":"standard","meta":{"footnotes":""},"categories":[7,4],"tags":[165,163,160],"class_list":["post-425","post","type-post","status-publish","format-standard","hentry","category-arquitectura-arte-gotica","category-arte-gotica","tag-abobada","tag-guarda","tag-se-da-guarda"],"_links":{"self":[{"href":"http:\/\/arte.vmribeiro.net\/index.php?rest_route=\/wp\/v2\/posts\/425","targetHints":{"allow":["GET"]}}],"collection":[{"href":"http:\/\/arte.vmribeiro.net\/index.php?rest_route=\/wp\/v2\/posts"}],"about":[{"href":"http:\/\/arte.vmribeiro.net\/index.php?rest_route=\/wp\/v2\/types\/post"}],"author":[{"embeddable":true,"href":"http:\/\/arte.vmribeiro.net\/index.php?rest_route=\/wp\/v2\/users\/1"}],"replies":[{"embeddable":true,"href":"http:\/\/arte.vmribeiro.net\/index.php?rest_route=%2Fwp%2Fv2%2Fcomments&post=425"}],"version-history":[{"count":2,"href":"http:\/\/arte.vmribeiro.net\/index.php?rest_route=\/wp\/v2\/posts\/425\/revisions"}],"predecessor-version":[{"id":428,"href":"http:\/\/arte.vmribeiro.net\/index.php?rest_route=\/wp\/v2\/posts\/425\/revisions\/428"}],"wp:attachment":[{"href":"http:\/\/arte.vmribeiro.net\/index.php?rest_route=%2Fwp%2Fv2%2Fmedia&parent=425"}],"wp:term":[{"taxonomy":"category","embeddable":true,"href":"http:\/\/arte.vmribeiro.net\/index.php?rest_route=%2Fwp%2Fv2%2Fcategories&post=425"},{"taxonomy":"post_tag","embeddable":true,"href":"http:\/\/arte.vmribeiro.net\/index.php?rest_route=%2Fwp%2Fv2%2Ftags&post=425"}],"curies":[{"name":"wp","href":"https:\/\/api.w.org\/{rel}","templated":true}]}}