{"id":467,"date":"2011-04-15T10:03:13","date_gmt":"2011-04-15T10:03:13","guid":{"rendered":"http:\/\/arte.vmribeiro.net\/?p=467"},"modified":"2011-04-15T10:03:13","modified_gmt":"2011-04-15T10:03:13","slug":"capiteis-romanicos-no-portico-da-igreja-san-martin","status":"publish","type":"post","link":"http:\/\/arte.vmribeiro.net\/?p=467","title":{"rendered":"Capit\u00e9is rom\u00e2nicos no p\u00f3rtico da Igreja San Martin"},"content":{"rendered":"<figure id=\"attachment_468\" aria-describedby=\"caption-attachment-468\" style=\"width: 500px\" class=\"wp-caption aligncenter\"><a rel=\"attachment wp-att-468\" href=\"http:\/\/arte.vmribeiro.net\/?attachment_id=468\"><img loading=\"lazy\" decoding=\"async\" class=\"size-full wp-image-468\" title=\"Capit\u00e9is rom\u00e2nicos no p\u00f3rtico da Igreja San Martin\" src=\"http:\/\/arte.vmribeiro.net\/wp-content\/uploads\/2011\/04\/245212774_59dfeb6ce8.jpg\" alt=\"SEG\u00d3VIA (Espanha): Capit\u00e9is rom\u00e2nicos no p\u00f3rtico da Igreja San Martin (S\u00e9c. XII).\" width=\"500\" height=\"378\" srcset=\"http:\/\/arte.vmribeiro.net\/wp-content\/uploads\/2011\/04\/245212774_59dfeb6ce8.jpg 500w, http:\/\/arte.vmribeiro.net\/wp-content\/uploads\/2011\/04\/245212774_59dfeb6ce8-300x226.jpg 300w\" sizes=\"auto, (max-width: 500px) 100vw, 500px\" \/><\/a><figcaption id=\"caption-attachment-468\" class=\"wp-caption-text\">SEG\u00d3VIA (Espanha): Capit\u00e9is rom\u00e2nicos no p\u00f3rtico da Igreja San Martin (S\u00e9c. XII).<\/figcaption><\/figure>\n<figure id=\"attachment_469\" aria-describedby=\"caption-attachment-469\" style=\"width: 375px\" class=\"wp-caption aligncenter\"><a rel=\"attachment wp-att-469\" href=\"http:\/\/arte.vmribeiro.net\/?attachment_id=469\"><img loading=\"lazy\" decoding=\"async\" class=\"size-full wp-image-469\" title=\"Capit\u00e9is rom\u00e2nicos no p\u00f3rtico da Igreja San Martin\" src=\"http:\/\/arte.vmribeiro.net\/wp-content\/uploads\/2011\/04\/245212808_724d0f063d.jpg\" alt=\"SEG\u00d3VIA (Espanha): Capit\u00e9is rom\u00e2nicos das colunas do \u00e1trio da Igreja San Martin (S\u00e9c. XII).\" width=\"375\" height=\"500\" srcset=\"http:\/\/arte.vmribeiro.net\/wp-content\/uploads\/2011\/04\/245212808_724d0f063d.jpg 375w, http:\/\/arte.vmribeiro.net\/wp-content\/uploads\/2011\/04\/245212808_724d0f063d-225x300.jpg 225w\" sizes=\"auto, (max-width: 375px) 100vw, 375px\" \/><\/a><figcaption id=\"caption-attachment-469\" class=\"wp-caption-text\">SEG\u00d3VIA (Espanha): Capit\u00e9is rom\u00e2nicos das colunas do \u00e1trio da Igreja San Martin (S\u00e9c. XII).<\/figcaption><\/figure>\n<figure id=\"attachment_470\" aria-describedby=\"caption-attachment-470\" style=\"width: 373px\" class=\"wp-caption aligncenter\"><a rel=\"attachment wp-att-470\" href=\"http:\/\/arte.vmribeiro.net\/?attachment_id=470\"><img loading=\"lazy\" decoding=\"async\" class=\"size-full wp-image-470\" title=\"Capit\u00e9is rom\u00e2nicos das colunas do \u00e1trio da Igreja San Martin (S\u00e9c. XII)\" src=\"http:\/\/arte.vmribeiro.net\/wp-content\/uploads\/2011\/04\/245212846_d2cdfacdc0.jpg\" alt=\"SEG\u00d3VIA (Espanha): Capit\u00e9is rom\u00e2nicos das colunas do \u00e1trio da Igreja San Martin (S\u00e9c. XII).\" width=\"373\" height=\"500\" srcset=\"http:\/\/arte.vmribeiro.net\/wp-content\/uploads\/2011\/04\/245212846_d2cdfacdc0.jpg 373w, http:\/\/arte.vmribeiro.net\/wp-content\/uploads\/2011\/04\/245212846_d2cdfacdc0-223x300.jpg 223w\" sizes=\"auto, (max-width: 373px) 100vw, 373px\" \/><\/a><figcaption id=\"caption-attachment-470\" class=\"wp-caption-text\">SEG\u00d3VIA (Espanha): Capit\u00e9is rom\u00e2nicos das colunas do \u00e1trio da Igreja San Martin (S\u00e9c. XII).<\/figcaption><\/figure>\n<figure id=\"attachment_471\" aria-describedby=\"caption-attachment-471\" style=\"width: 367px\" class=\"wp-caption aligncenter\"><a rel=\"attachment wp-att-471\" href=\"http:\/\/arte.vmribeiro.net\/?attachment_id=471\"><img loading=\"lazy\" decoding=\"async\" class=\"size-full wp-image-471\" title=\"Capit\u00e9is rom\u00e2nicos das colunas do \u00e1trio da Igreja San Martin (S\u00e9c. XII)\" src=\"http:\/\/arte.vmribeiro.net\/wp-content\/uploads\/2011\/04\/245212873_fad8feabc5.jpg\" alt=\"SEG\u00d3VIA (Espanha): Capit\u00e9is rom\u00e2nicos das colunas do \u00e1trio da Igreja San Martin (S\u00e9c. XII).\" width=\"367\" height=\"500\" srcset=\"http:\/\/arte.vmribeiro.net\/wp-content\/uploads\/2011\/04\/245212873_fad8feabc5.jpg 367w, http:\/\/arte.vmribeiro.net\/wp-content\/uploads\/2011\/04\/245212873_fad8feabc5-220x300.jpg 220w\" sizes=\"auto, (max-width: 367px) 100vw, 367px\" \/><\/a><figcaption id=\"caption-attachment-471\" class=\"wp-caption-text\">SEG\u00d3VIA (Espanha): Capit\u00e9is rom\u00e2nicos das colunas do \u00e1trio da Igreja San Martin (S\u00e9c. XII).<\/figcaption><\/figure>\n","protected":false},"excerpt":{"rendered":"","protected":false},"author":1,"featured_media":0,"comment_status":"open","ping_status":"open","sticky":false,"template":"","format":"standard","meta":{"footnotes":""},"categories":[5,3,6],"tags":[34,170,174,33,171,168],"class_list":["post-467","post","type-post","status-publish","format-standard","hentry","category-arquitectura","category-arte-romanica","category-escultura","tag-capiteis","tag-capiteis-romanicos","tag-colunas","tag-esculturas","tag-igreja-de-san-martin","tag-segovia"],"_links":{"self":[{"href":"http:\/\/arte.vmribeiro.net\/index.php?rest_route=\/wp\/v2\/posts\/467","targetHints":{"allow":["GET"]}}],"collection":[{"href":"http:\/\/arte.vmribeiro.net\/index.php?rest_route=\/wp\/v2\/posts"}],"about":[{"href":"http:\/\/arte.vmribeiro.net\/index.php?rest_route=\/wp\/v2\/types\/post"}],"author":[{"embeddable":true,"href":"http:\/\/arte.vmribeiro.net\/index.php?rest_route=\/wp\/v2\/users\/1"}],"replies":[{"embeddable":true,"href":"http:\/\/arte.vmribeiro.net\/index.php?rest_route=%2Fwp%2Fv2%2Fcomments&post=467"}],"version-history":[{"count":3,"href":"http:\/\/arte.vmribeiro.net\/index.php?rest_route=\/wp\/v2\/posts\/467\/revisions"}],"predecessor-version":[{"id":474,"href":"http:\/\/arte.vmribeiro.net\/index.php?rest_route=\/wp\/v2\/posts\/467\/revisions\/474"}],"wp:attachment":[{"href":"http:\/\/arte.vmribeiro.net\/index.php?rest_route=%2Fwp%2Fv2%2Fmedia&parent=467"}],"wp:term":[{"taxonomy":"category","embeddable":true,"href":"http:\/\/arte.vmribeiro.net\/index.php?rest_route=%2Fwp%2Fv2%2Fcategories&post=467"},{"taxonomy":"post_tag","embeddable":true,"href":"http:\/\/arte.vmribeiro.net\/index.php?rest_route=%2Fwp%2Fv2%2Ftags&post=467"}],"curies":[{"name":"wp","href":"https:\/\/api.w.org\/{rel}","templated":true}]}}