{"id":538,"date":"2011-05-19T19:48:05","date_gmt":"2011-05-19T19:48:05","guid":{"rendered":"http:\/\/arte.vmribeiro.net\/?p=538"},"modified":"2011-05-19T19:48:53","modified_gmt":"2011-05-19T19:48:53","slug":"igreja-de-san-andres","status":"publish","type":"post","link":"http:\/\/arte.vmribeiro.net\/?p=538","title":{"rendered":"Igreja de San Andr\u00e9s"},"content":{"rendered":"<figure id=\"attachment_539\" aria-describedby=\"caption-attachment-539\" style=\"width: 365px\" class=\"wp-caption aligncenter\"><a rel=\"attachment wp-att-539\" href=\"http:\/\/arte.vmribeiro.net\/?attachment_id=539\"><img loading=\"lazy\" decoding=\"async\" class=\"size-full wp-image-539\" title=\"Igreja de San Andr\u00e9s\" src=\"http:\/\/arte.vmribeiro.net\/wp-content\/uploads\/2011\/05\/248414797_045ef4043a.jpg\" alt=\"SEG\u00d3VIA (Espanha): Igreja de San Andr\u00e9s.\" width=\"365\" height=\"500\" srcset=\"http:\/\/arte.vmribeiro.net\/wp-content\/uploads\/2011\/05\/248414797_045ef4043a.jpg 365w, http:\/\/arte.vmribeiro.net\/wp-content\/uploads\/2011\/05\/248414797_045ef4043a-219x300.jpg 219w\" sizes=\"auto, (max-width: 365px) 100vw, 365px\" \/><\/a><figcaption id=\"caption-attachment-539\" class=\"wp-caption-text\">SEG\u00d3VIA (Espanha): Igreja de San Andr\u00e9s.<\/figcaption><\/figure>\n<p>A igreja de San Andr\u00e9s encontra-se situada no centro hist\u00f3rico de  Seg\u00f3via, pr\u00f3xima da catedral. \u00c9 uma igreja rom\u00e2nica do s\u00e9culo XII que  possui uma impressionante fachada e na qual sobressaem a sua torre  mud\u00e9jar, de quatro pisos em ladrilho, e as absides junto a ela. \u00c9 assim  no exterior que se concentram os seus elementos mais interessantes.<\/p>\n","protected":false},"excerpt":{"rendered":"<p>A igreja de San Andr\u00e9s encontra-se situada no centro hist\u00f3rico de Seg\u00f3via, pr\u00f3xima da catedral. \u00c9 uma igreja rom\u00e2nica do s\u00e9culo XII que possui uma impressionante fachada e na qual sobressaem a sua torre mud\u00e9jar, de quatro pisos em ladrilho, e as absides junto a ela. \u00c9 assim no exterior que se concentram os seus &hellip; <\/p>\n<p class=\"link-more\"><a href=\"http:\/\/arte.vmribeiro.net\/?p=538\" class=\"more-link\">Continue reading<span class=\"screen-reader-text\"> &#8220;Igreja de San Andr\u00e9s&#8221;<\/span><\/a><\/p>\n","protected":false},"author":1,"featured_media":0,"comment_status":"open","ping_status":"open","sticky":false,"template":"","format":"standard","meta":{"footnotes":""},"categories":[5,3],"tags":[15,192,193,168,16,49],"class_list":["post-538","post","type-post","status-publish","format-standard","hentry","category-arquitectura","category-arte-romanica","tag-espanha","tag-igreja-de-san-adres","tag-mudejar","tag-segovia","tag-spain","tag-torre"],"_links":{"self":[{"href":"http:\/\/arte.vmribeiro.net\/index.php?rest_route=\/wp\/v2\/posts\/538","targetHints":{"allow":["GET"]}}],"collection":[{"href":"http:\/\/arte.vmribeiro.net\/index.php?rest_route=\/wp\/v2\/posts"}],"about":[{"href":"http:\/\/arte.vmribeiro.net\/index.php?rest_route=\/wp\/v2\/types\/post"}],"author":[{"embeddable":true,"href":"http:\/\/arte.vmribeiro.net\/index.php?rest_route=\/wp\/v2\/users\/1"}],"replies":[{"embeddable":true,"href":"http:\/\/arte.vmribeiro.net\/index.php?rest_route=%2Fwp%2Fv2%2Fcomments&post=538"}],"version-history":[{"count":5,"href":"http:\/\/arte.vmribeiro.net\/index.php?rest_route=\/wp\/v2\/posts\/538\/revisions"}],"predecessor-version":[{"id":544,"href":"http:\/\/arte.vmribeiro.net\/index.php?rest_route=\/wp\/v2\/posts\/538\/revisions\/544"}],"wp:attachment":[{"href":"http:\/\/arte.vmribeiro.net\/index.php?rest_route=%2Fwp%2Fv2%2Fmedia&parent=538"}],"wp:term":[{"taxonomy":"category","embeddable":true,"href":"http:\/\/arte.vmribeiro.net\/index.php?rest_route=%2Fwp%2Fv2%2Fcategories&post=538"},{"taxonomy":"post_tag","embeddable":true,"href":"http:\/\/arte.vmribeiro.net\/index.php?rest_route=%2Fwp%2Fv2%2Ftags&post=538"}],"curies":[{"name":"wp","href":"https:\/\/api.w.org\/{rel}","templated":true}]}}