{"id":6,"date":"2010-12-20T15:12:59","date_gmt":"2010-12-20T15:12:59","guid":{"rendered":"http:\/\/arte.vmribeiro.net\/?p=6"},"modified":"2010-12-20T16:17:53","modified_gmt":"2010-12-20T16:17:53","slug":"catedral-de-santiago-de-compostela","status":"publish","type":"post","link":"http:\/\/arte.vmribeiro.net\/?p=6","title":{"rendered":"Catedral de Santiago de Compostela"},"content":{"rendered":"<figure style=\"width: 500px\" class=\"wp-caption alignnone\"><img loading=\"lazy\" decoding=\"async\" title=\"Catedral de Santiago de Compostela\" src=\"http:\/\/farm1.static.flickr.com\/47\/128862110_6d014e82e3.jpg\" alt=\"Catedral de Santiago de Compostela\" width=\"500\" height=\"320\" \/><figcaption class=\"wp-caption-text\">Santiago de Compostela (Espanha): Catedral<\/figcaption><\/figure>\n<p>A catedral da cidade espanhola de Santiago de Compostela fundada no per\u00edodo medieval \u00e9 conhecida por toda a Cristandade europeia como um local de peregrina\u00e7\u00e3o onde se encontra sepultado o ap\u00f3stolo Santiago. Desde os tempos da sua funda\u00e7\u00e3o, antes do ano Mil, o santu\u00e1rio originou uma peregrina\u00e7\u00e3o anual mantida ainda nos nossos dias, em torno da visita das rel\u00edquias do ap\u00f3stolo.<br \/>\nA sua funda\u00e7\u00e3o ter-se-\u00e1 dado no s\u00e9culo IX, embora o edif\u00edcio rom\u00e2nico s\u00f3 se tenha come\u00e7ado a construir no s\u00e9culo XI(1075), tendo as obras sido prolongadas at\u00e9 ao s\u00e9culo XII (1168). Registaram-se depois, nos s\u00e9culos s\u00e9culos XVI-XVIII, interven\u00e7\u00f5es na igreja, da\u00ed a sua fachada barroca actual.<br \/>\nCom as torres barrocas g\u00e9meas elevando-se sobre a cidade, este monumento a Santiago \u00e9 uma vis\u00e3o majestosa, digna de um dos maiores santu\u00e1rios da cristandade.<\/p>\n","protected":false},"excerpt":{"rendered":"<p>A catedral da cidade espanhola de Santiago de Compostela fundada no per\u00edodo medieval \u00e9 conhecida por toda a Cristandade europeia como um local de peregrina\u00e7\u00e3o onde se encontra sepultado o ap\u00f3stolo Santiago. Desde os tempos da sua funda\u00e7\u00e3o, antes do ano Mil, o santu\u00e1rio originou uma peregrina\u00e7\u00e3o anual mantida ainda nos nossos dias, em torno &hellip; <\/p>\n<p class=\"link-more\"><a href=\"http:\/\/arte.vmribeiro.net\/?p=6\" class=\"more-link\">Continue reading<span class=\"screen-reader-text\"> &#8220;Catedral de Santiago de Compostela&#8221;<\/span><\/a><\/p>\n","protected":false},"author":1,"featured_media":0,"comment_status":"open","ping_status":"open","sticky":false,"template":"","format":"standard","meta":{"footnotes":""},"categories":[5,3],"tags":[19,20,18,15,22,21,17,14,16],"class_list":["post-6","post","type-post","status-publish","format-standard","hentry","category-arquitectura","category-arte-romanica","tag-catedral","tag-cathedral","tag-compostela","tag-espanha","tag-galicia","tag-galiza","tag-santiago","tag-santiago-compostela","tag-spain"],"_links":{"self":[{"href":"http:\/\/arte.vmribeiro.net\/index.php?rest_route=\/wp\/v2\/posts\/6","targetHints":{"allow":["GET"]}}],"collection":[{"href":"http:\/\/arte.vmribeiro.net\/index.php?rest_route=\/wp\/v2\/posts"}],"about":[{"href":"http:\/\/arte.vmribeiro.net\/index.php?rest_route=\/wp\/v2\/types\/post"}],"author":[{"embeddable":true,"href":"http:\/\/arte.vmribeiro.net\/index.php?rest_route=\/wp\/v2\/users\/1"}],"replies":[{"embeddable":true,"href":"http:\/\/arte.vmribeiro.net\/index.php?rest_route=%2Fwp%2Fv2%2Fcomments&post=6"}],"version-history":[{"count":3,"href":"http:\/\/arte.vmribeiro.net\/index.php?rest_route=\/wp\/v2\/posts\/6\/revisions"}],"predecessor-version":[{"id":8,"href":"http:\/\/arte.vmribeiro.net\/index.php?rest_route=\/wp\/v2\/posts\/6\/revisions\/8"}],"wp:attachment":[{"href":"http:\/\/arte.vmribeiro.net\/index.php?rest_route=%2Fwp%2Fv2%2Fmedia&parent=6"}],"wp:term":[{"taxonomy":"category","embeddable":true,"href":"http:\/\/arte.vmribeiro.net\/index.php?rest_route=%2Fwp%2Fv2%2Fcategories&post=6"},{"taxonomy":"post_tag","embeddable":true,"href":"http:\/\/arte.vmribeiro.net\/index.php?rest_route=%2Fwp%2Fv2%2Ftags&post=6"}],"curies":[{"name":"wp","href":"https:\/\/api.w.org\/{rel}","templated":true}]}}