{"id":657,"date":"2011-08-07T10:30:27","date_gmt":"2011-08-07T10:30:27","guid":{"rendered":"http:\/\/arte.vmribeiro.net\/?p=657"},"modified":"2011-08-07T10:30:27","modified_gmt":"2011-08-07T10:30:27","slug":"retabulo-da-capela-mor-da-catedral-de-toledo","status":"publish","type":"post","link":"http:\/\/arte.vmribeiro.net\/?p=657","title":{"rendered":"Ret\u00e1bulo da capela-mor da catedral de Toledo"},"content":{"rendered":"<figure id=\"attachment_658\" aria-describedby=\"caption-attachment-658\" style=\"width: 379px\" class=\"wp-caption aligncenter\"><a href=\"http:\/\/arte.vmribeiro.net\/?attachment_id=658\" rel=\"attachment wp-att-658\"><img loading=\"lazy\" decoding=\"async\" class=\"size-full wp-image-658\" title=\"Ret\u00e1bulo da capela-mor da catedral de Toledo\" src=\"http:\/\/arte.vmribeiro.net\/wp-content\/uploads\/2011\/08\/287554817_65bd860705.jpg\" alt=\"TOLEDO (Espanha): Ret\u00e1bulo da capela-mor da catedral.\" width=\"379\" height=\"500\" srcset=\"http:\/\/arte.vmribeiro.net\/wp-content\/uploads\/2011\/08\/287554817_65bd860705.jpg 379w, http:\/\/arte.vmribeiro.net\/wp-content\/uploads\/2011\/08\/287554817_65bd860705-227x300.jpg 227w\" sizes=\"auto, (max-width: 379px) 100vw, 379px\" \/><\/a><figcaption id=\"caption-attachment-658\" class=\"wp-caption-text\">TOLEDO (Espanha): Ret\u00e1bulo da capela-mor da catedral.<\/figcaption><\/figure>\n<p>\u00c9 um ret\u00e1bulo g\u00f3tico, uma das \u00faltimas manifesta\u00e7\u00f5es desta arte que desaparecia para dar passagem ao Renascimento. A obra teve in\u00edcio em 1497 e ficou terminada em 1504. Na sua feitura, ordenada pelo cardeal Cisneros, estiveram envolvidos v\u00e1rios arquitetos, pintores e escultores, naquilo que resultou numa aut\u00eantica obra-prima coletiva.<br \/>\nO ret\u00e1bulo conta com uma importante estatu\u00e1ria e com uma magn\u00edfica filigrana.<\/p>\n<p>&nbsp;<\/p>\n","protected":false},"excerpt":{"rendered":"<p>\u00c9 um ret\u00e1bulo g\u00f3tico, uma das \u00faltimas manifesta\u00e7\u00f5es desta arte que desaparecia para dar passagem ao Renascimento. A obra teve in\u00edcio em 1497 e ficou terminada em 1504. Na sua feitura, ordenada pelo cardeal Cisneros, estiveram envolvidos v\u00e1rios arquitetos, pintores e escultores, naquilo que resultou numa aut\u00eantica obra-prima coletiva. O ret\u00e1bulo conta com uma importante &hellip; <\/p>\n<p class=\"link-more\"><a href=\"http:\/\/arte.vmribeiro.net\/?p=657\" class=\"more-link\">Continue reading<span class=\"screen-reader-text\"> &#8220;Ret\u00e1bulo da capela-mor da catedral de Toledo&#8221;<\/span><\/a><\/p>\n","protected":false},"author":1,"featured_media":0,"comment_status":"open","ping_status":"open","sticky":false,"template":"","format":"standard","meta":{"footnotes":""},"categories":[4],"tags":[210,15,213,197],"class_list":["post-657","post","type-post","status-publish","format-standard","hentry","category-arte-gotica","tag-catedral-de-toledo","tag-espanha","tag-retabulo","tag-toledo"],"_links":{"self":[{"href":"http:\/\/arte.vmribeiro.net\/index.php?rest_route=\/wp\/v2\/posts\/657","targetHints":{"allow":["GET"]}}],"collection":[{"href":"http:\/\/arte.vmribeiro.net\/index.php?rest_route=\/wp\/v2\/posts"}],"about":[{"href":"http:\/\/arte.vmribeiro.net\/index.php?rest_route=\/wp\/v2\/types\/post"}],"author":[{"embeddable":true,"href":"http:\/\/arte.vmribeiro.net\/index.php?rest_route=\/wp\/v2\/users\/1"}],"replies":[{"embeddable":true,"href":"http:\/\/arte.vmribeiro.net\/index.php?rest_route=%2Fwp%2Fv2%2Fcomments&post=657"}],"version-history":[{"count":2,"href":"http:\/\/arte.vmribeiro.net\/index.php?rest_route=\/wp\/v2\/posts\/657\/revisions"}],"predecessor-version":[{"id":660,"href":"http:\/\/arte.vmribeiro.net\/index.php?rest_route=\/wp\/v2\/posts\/657\/revisions\/660"}],"wp:attachment":[{"href":"http:\/\/arte.vmribeiro.net\/index.php?rest_route=%2Fwp%2Fv2%2Fmedia&parent=657"}],"wp:term":[{"taxonomy":"category","embeddable":true,"href":"http:\/\/arte.vmribeiro.net\/index.php?rest_route=%2Fwp%2Fv2%2Fcategories&post=657"},{"taxonomy":"post_tag","embeddable":true,"href":"http:\/\/arte.vmribeiro.net\/index.php?rest_route=%2Fwp%2Fv2%2Ftags&post=657"}],"curies":[{"name":"wp","href":"https:\/\/api.w.org\/{rel}","templated":true}]}}