{"id":715,"date":"2011-09-14T15:08:29","date_gmt":"2011-09-14T15:08:29","guid":{"rendered":"http:\/\/arte.vmribeiro.net\/?p=715"},"modified":"2011-09-14T15:08:29","modified_gmt":"2011-09-14T15:08:29","slug":"timpano-da-porta-sul","status":"publish","type":"post","link":"http:\/\/arte.vmribeiro.net\/?p=715","title":{"rendered":"T\u00edmpano da porta sul"},"content":{"rendered":"<figure id=\"attachment_716\" aria-describedby=\"caption-attachment-716\" style=\"width: 500px\" class=\"wp-caption aligncenter\"><a href=\"http:\/\/arte.vmribeiro.net\/?attachment_id=716\" rel=\"attachment wp-att-716\"><img loading=\"lazy\" decoding=\"async\" class=\"size-full wp-image-716\" title=\"T\u00edmpano da porta sul\" src=\"http:\/\/arte.vmribeiro.net\/wp-content\/uploads\/2011\/09\/433271158_c9f2408c10.jpg\" alt=\"FELGUEIRAS (Portugal): T\u00edmpano da porta sul da Igreja de S\u00e3o Vicente M\u00e1rtir (matriz de Sousa).\" width=\"500\" height=\"371\" srcset=\"http:\/\/arte.vmribeiro.net\/wp-content\/uploads\/2011\/09\/433271158_c9f2408c10.jpg 500w, http:\/\/arte.vmribeiro.net\/wp-content\/uploads\/2011\/09\/433271158_c9f2408c10-300x222.jpg 300w\" sizes=\"auto, (max-width: 500px) 100vw, 500px\" \/><\/a><figcaption id=\"caption-attachment-716\" class=\"wp-caption-text\">FELGUEIRAS (Portugal): T\u00edmpano da porta sul da Igreja de S\u00e3o Vicente M\u00e1rtir (matriz de Sousa).<\/figcaption><\/figure>\n","protected":false},"excerpt":{"rendered":"","protected":false},"author":1,"featured_media":0,"comment_status":"open","ping_status":"open","sticky":false,"template":"","format":"standard","meta":{"footnotes":""},"categories":[5,3],"tags":[36,218,219,220,103],"class_list":["post-715","post","type-post","status-publish","format-standard","hentry","category-arquitectura","category-arte-romanica","tag-felgueiras","tag-igreja-de-sao-vicente-martir","tag-matriz-de-sousa","tag-sousa","tag-timpano"],"_links":{"self":[{"href":"http:\/\/arte.vmribeiro.net\/index.php?rest_route=\/wp\/v2\/posts\/715","targetHints":{"allow":["GET"]}}],"collection":[{"href":"http:\/\/arte.vmribeiro.net\/index.php?rest_route=\/wp\/v2\/posts"}],"about":[{"href":"http:\/\/arte.vmribeiro.net\/index.php?rest_route=\/wp\/v2\/types\/post"}],"author":[{"embeddable":true,"href":"http:\/\/arte.vmribeiro.net\/index.php?rest_route=\/wp\/v2\/users\/1"}],"replies":[{"embeddable":true,"href":"http:\/\/arte.vmribeiro.net\/index.php?rest_route=%2Fwp%2Fv2%2Fcomments&post=715"}],"version-history":[{"count":2,"href":"http:\/\/arte.vmribeiro.net\/index.php?rest_route=\/wp\/v2\/posts\/715\/revisions"}],"predecessor-version":[{"id":718,"href":"http:\/\/arte.vmribeiro.net\/index.php?rest_route=\/wp\/v2\/posts\/715\/revisions\/718"}],"wp:attachment":[{"href":"http:\/\/arte.vmribeiro.net\/index.php?rest_route=%2Fwp%2Fv2%2Fmedia&parent=715"}],"wp:term":[{"taxonomy":"category","embeddable":true,"href":"http:\/\/arte.vmribeiro.net\/index.php?rest_route=%2Fwp%2Fv2%2Fcategories&post=715"},{"taxonomy":"post_tag","embeddable":true,"href":"http:\/\/arte.vmribeiro.net\/index.php?rest_route=%2Fwp%2Fv2%2Ftags&post=715"}],"curies":[{"name":"wp","href":"https:\/\/api.w.org\/{rel}","templated":true}]}}