{"id":731,"date":"2011-10-02T07:58:53","date_gmt":"2011-10-02T07:58:53","guid":{"rendered":"http:\/\/arte.vmribeiro.net\/?p=731"},"modified":"2011-10-02T07:58:53","modified_gmt":"2011-10-02T07:58:53","slug":"timpano-do-portal-dos-apostolos-da-catedral-de-avila","status":"publish","type":"post","link":"http:\/\/arte.vmribeiro.net\/?p=731","title":{"rendered":"T\u00edmpano do portal dos ap\u00f3stolos da catedral de \u00c1vila"},"content":{"rendered":"<figure id=\"attachment_732\" aria-describedby=\"caption-attachment-732\" style=\"width: 406px\" class=\"wp-caption aligncenter\"><a href=\"http:\/\/arte.vmribeiro.net\/?attachment_id=732\" rel=\"attachment wp-att-732\"><img loading=\"lazy\" decoding=\"async\" class=\"size-full wp-image-732\" title=\"T\u00edmpano do portal dos ap\u00f3stolos da catedral de \u00c1vila\" src=\"http:\/\/arte.vmribeiro.net\/wp-content\/uploads\/2011\/10\/296190221_45ac1003c0.jpg\" alt=\"\u00c1VILA (Espanha): T\u00edmpano do portal dos ap\u00f3stolos da catedral.\" width=\"406\" height=\"500\" srcset=\"http:\/\/arte.vmribeiro.net\/wp-content\/uploads\/2011\/10\/296190221_45ac1003c0.jpg 406w, http:\/\/arte.vmribeiro.net\/wp-content\/uploads\/2011\/10\/296190221_45ac1003c0-243x300.jpg 243w\" sizes=\"auto, (max-width: 406px) 100vw, 406px\" \/><\/a><figcaption id=\"caption-attachment-732\" class=\"wp-caption-text\">\u00c1VILA (Espanha): T\u00edmpano do portal dos ap\u00f3stolos da catedral.<\/figcaption><\/figure>\n<p>No t\u00edmpano do chamado portal dos Ap\u00f3stolos, da catedral de \u00c1vila, representa-se o Pantocrator como tema central, dentro da mandorla, com duas filas de anjos nos lados, guardadores do Senhor e carregando os s\u00edmbolos da Paix\u00e3o. O t\u00edmpano encerra com a coroa\u00e7\u00e3o da Virgem, sendo o pr\u00f3prio Cristo encarregado de colocar a coroa na M\u00e3e. As figuras do dintel representam cenas de dif\u00edcil interpreta\u00e7\u00e3o (reconhece-se o Lavat\u00f3rio e a cena de Cristo em casa de Lev\u00ed). As arquivoltas est\u00e3o preenchidas com os anci\u00e3os do Apocalipse, santos a ler, a ressurrei\u00e7\u00e3o dos mortos, composi\u00e7\u00f5es protagonizadas por dem\u00f3nios, monjas e eclesi\u00e1sticos.<br \/>\nNas jambas representam-se os ap\u00f3stolos (seis de cada lado).<\/p>\n","protected":false},"excerpt":{"rendered":"<p>No t\u00edmpano do chamado portal dos Ap\u00f3stolos, da catedral de \u00c1vila, representa-se o Pantocrator como tema central, dentro da mandorla, com duas filas de anjos nos lados, guardadores do Senhor e carregando os s\u00edmbolos da Paix\u00e3o. O t\u00edmpano encerra com a coroa\u00e7\u00e3o da Virgem, sendo o pr\u00f3prio Cristo encarregado de colocar a coroa na M\u00e3e. &hellip; <\/p>\n<p class=\"link-more\"><a href=\"http:\/\/arte.vmribeiro.net\/?p=731\" class=\"more-link\">Continue reading<span class=\"screen-reader-text\"> &#8220;T\u00edmpano do portal dos ap\u00f3stolos da catedral de \u00c1vila&#8221;<\/span><\/a><\/p>\n","protected":false},"author":1,"featured_media":0,"comment_status":"open","ping_status":"open","sticky":false,"template":"","format":"standard","meta":{"footnotes":""},"categories":[7,4,8],"tags":[19,221,15,225,103],"class_list":["post-731","post","type-post","status-publish","format-standard","hentry","category-arquitectura-arte-gotica","category-arte-gotica","category-escultura-arte-gotica","tag-catedral","tag-catedral-de-avila","tag-espanha","tag-portal-dos-apostolos","tag-timpano"],"_links":{"self":[{"href":"http:\/\/arte.vmribeiro.net\/index.php?rest_route=\/wp\/v2\/posts\/731","targetHints":{"allow":["GET"]}}],"collection":[{"href":"http:\/\/arte.vmribeiro.net\/index.php?rest_route=\/wp\/v2\/posts"}],"about":[{"href":"http:\/\/arte.vmribeiro.net\/index.php?rest_route=\/wp\/v2\/types\/post"}],"author":[{"embeddable":true,"href":"http:\/\/arte.vmribeiro.net\/index.php?rest_route=\/wp\/v2\/users\/1"}],"replies":[{"embeddable":true,"href":"http:\/\/arte.vmribeiro.net\/index.php?rest_route=%2Fwp%2Fv2%2Fcomments&post=731"}],"version-history":[{"count":3,"href":"http:\/\/arte.vmribeiro.net\/index.php?rest_route=\/wp\/v2\/posts\/731\/revisions"}],"predecessor-version":[{"id":735,"href":"http:\/\/arte.vmribeiro.net\/index.php?rest_route=\/wp\/v2\/posts\/731\/revisions\/735"}],"wp:attachment":[{"href":"http:\/\/arte.vmribeiro.net\/index.php?rest_route=%2Fwp%2Fv2%2Fmedia&parent=731"}],"wp:term":[{"taxonomy":"category","embeddable":true,"href":"http:\/\/arte.vmribeiro.net\/index.php?rest_route=%2Fwp%2Fv2%2Fcategories&post=731"},{"taxonomy":"post_tag","embeddable":true,"href":"http:\/\/arte.vmribeiro.net\/index.php?rest_route=%2Fwp%2Fv2%2Ftags&post=731"}],"curies":[{"name":"wp","href":"https:\/\/api.w.org\/{rel}","templated":true}]}}