{"id":769,"date":"2011-11-21T14:26:08","date_gmt":"2011-11-21T14:26:08","guid":{"rendered":"http:\/\/arte.vmribeiro.net\/?p=769"},"modified":"2011-11-21T14:26:08","modified_gmt":"2011-11-21T14:26:08","slug":"fachada-do-patio-das-escolas","status":"publish","type":"post","link":"http:\/\/arte.vmribeiro.net\/?p=769","title":{"rendered":"Fachada do P\u00e1tio das Escolas"},"content":{"rendered":"<figure id=\"attachment_770\" aria-describedby=\"caption-attachment-770\" style=\"width: 500px\" class=\"wp-caption aligncenter\"><a href=\"http:\/\/arte.vmribeiro.net\/?attachment_id=770\" rel=\"attachment wp-att-770\"><img loading=\"lazy\" decoding=\"async\" class=\"size-full wp-image-770\" title=\"Fachada do P\u00e1tio das Escolas\" src=\"http:\/\/arte.vmribeiro.net\/wp-content\/uploads\/2011\/11\/304272853_13ba3f532c.jpg\" alt=\"SALAMANCA (Espanha): Fachada do P\u00e1tio das Escolas.\" width=\"500\" height=\"379\" srcset=\"http:\/\/arte.vmribeiro.net\/wp-content\/uploads\/2011\/11\/304272853_13ba3f532c.jpg 500w, http:\/\/arte.vmribeiro.net\/wp-content\/uploads\/2011\/11\/304272853_13ba3f532c-300x227.jpg 300w\" sizes=\"auto, (max-width: 500px) 100vw, 500px\" \/><\/a><figcaption id=\"caption-attachment-770\" class=\"wp-caption-text\">SALAMANCA (Espanha): Fachada do P\u00e1tio das Escolas.<\/figcaption><\/figure>\n<p>A fachada das Escolas Maiores est\u00e1 dividida em tr\u00eas corpos:<br \/>\nO primeiro cont\u00e9m o medalh\u00e3o dos Reis Cat\u00f3licos que empunham o mesmo cetro. Sobre as suas cabe\u00e7as temos o jugo de Fernando e as flechas de Isabel. O segundo cont\u00e9m, no centro, o escudo de Carlos V, rematado com uma cruz sobre uma coroa. \u00c0 direita a \u00e1guia de S\u00e3o Jo\u00e3o e dos Reis Cat\u00f3licos, \u00e0 esquerda a \u00e1guia bic\u00e9fala do Imp\u00e9rio. No terceiro corpo h\u00e1 uma capelinha.<br \/>\nA sua constru\u00e7\u00e3o foi dedicada aos Reis Fernando e Isabel em 1534.<\/p>\n","protected":false},"excerpt":{"rendered":"<p>A fachada das Escolas Maiores est\u00e1 dividida em tr\u00eas corpos: O primeiro cont\u00e9m o medalh\u00e3o dos Reis Cat\u00f3licos que empunham o mesmo cetro. Sobre as suas cabe\u00e7as temos o jugo de Fernando e as flechas de Isabel. O segundo cont\u00e9m, no centro, o escudo de Carlos V, rematado com uma cruz sobre uma coroa. \u00c0 &hellip; <\/p>\n<p class=\"link-more\"><a href=\"http:\/\/arte.vmribeiro.net\/?p=769\" class=\"more-link\">Continue reading<span class=\"screen-reader-text\"> &#8220;Fachada do P\u00e1tio das Escolas&#8221;<\/span><\/a><\/p>\n","protected":false},"author":1,"featured_media":0,"comment_status":"open","ping_status":"open","sticky":false,"template":"","format":"standard","meta":{"footnotes":""},"categories":[7,4,8],"tags":[62,15,161,232,231,115,80,230],"class_list":["post-769","post","type-post","status-publish","format-standard","hentry","category-arquitectura-arte-gotica","category-arte-gotica","category-escultura-arte-gotica","tag-escultura-2","tag-espanha","tag-fachada","tag-isabelino","tag-patio-das-escolas","tag-plateresco","tag-salamanca","tag-universidade-de-salamanca"],"_links":{"self":[{"href":"http:\/\/arte.vmribeiro.net\/index.php?rest_route=\/wp\/v2\/posts\/769","targetHints":{"allow":["GET"]}}],"collection":[{"href":"http:\/\/arte.vmribeiro.net\/index.php?rest_route=\/wp\/v2\/posts"}],"about":[{"href":"http:\/\/arte.vmribeiro.net\/index.php?rest_route=\/wp\/v2\/types\/post"}],"author":[{"embeddable":true,"href":"http:\/\/arte.vmribeiro.net\/index.php?rest_route=\/wp\/v2\/users\/1"}],"replies":[{"embeddable":true,"href":"http:\/\/arte.vmribeiro.net\/index.php?rest_route=%2Fwp%2Fv2%2Fcomments&post=769"}],"version-history":[{"count":2,"href":"http:\/\/arte.vmribeiro.net\/index.php?rest_route=\/wp\/v2\/posts\/769\/revisions"}],"predecessor-version":[{"id":772,"href":"http:\/\/arte.vmribeiro.net\/index.php?rest_route=\/wp\/v2\/posts\/769\/revisions\/772"}],"wp:attachment":[{"href":"http:\/\/arte.vmribeiro.net\/index.php?rest_route=%2Fwp%2Fv2%2Fmedia&parent=769"}],"wp:term":[{"taxonomy":"category","embeddable":true,"href":"http:\/\/arte.vmribeiro.net\/index.php?rest_route=%2Fwp%2Fv2%2Fcategories&post=769"},{"taxonomy":"post_tag","embeddable":true,"href":"http:\/\/arte.vmribeiro.net\/index.php?rest_route=%2Fwp%2Fv2%2Ftags&post=769"}],"curies":[{"name":"wp","href":"https:\/\/api.w.org\/{rel}","templated":true}]}}