{"id":819,"date":"2012-07-29T08:34:15","date_gmt":"2012-07-29T08:34:15","guid":{"rendered":"http:\/\/arte.vmribeiro.net\/?p=819"},"modified":"2012-07-29T08:34:15","modified_gmt":"2012-07-29T08:34:15","slug":"se-de-braga-2","status":"publish","type":"post","link":"http:\/\/arte.vmribeiro.net\/?p=819","title":{"rendered":"S\u00e9 de Braga"},"content":{"rendered":"<figure style=\"width: 396px\" class=\"wp-caption alignnone\"><img loading=\"lazy\" decoding=\"async\" title=\"S\u00e9 de Braga\" src=\"http:\/\/farm2.static.flickr.com\/1142\/1179861338_20b344cd87.jpg\" alt=\"BRAGA (Portugal): S\u00e9 catedral.\" width=\"396\" height=\"500\" \/><figcaption class=\"wp-caption-text\">BRAGA (Portugal): S\u00e9 catedral.<\/figcaption><\/figure>\n<p>Considerada como um centro de irradia\u00e7\u00e3o episcopal e um dos mais importantes templos do rom\u00e2nico portugu\u00eas, a sua hist\u00f3ria remonta \u00e0 obra do primeiro bispo, D. Pedro de Braga (1070), que concebeu um Projeto de peregrina\u00e7\u00e3o algo semelhante ao de Santiago de Compostela e de outras igrejas de peregrina\u00e7\u00e3o francesas, com tr\u00eas naves, transepto saliente, cabeceira e deambulat\u00f3rio. A edifica\u00e7\u00e3o foi efetuada num local onde teria existido um antigo culto \u00e0 deusa \u00cdsis (divindade eg\u00edpcia) muito venerada pelos romanos.<br \/>\nAp\u00f3s a morte deste prelado, e depois da destrui\u00e7\u00e3o da catedral, no s\u00e9culo XII, pelos adeptos de D. Teresa, o projeto inicial foi abandonado. Por indica\u00e7\u00e3o do arcebispo D. Paio Mendes (1118-1137), erigiu-se outro mais reduzido, de planta em cruz latina, formado por: tr\u00eas naves divididas em seis tramos, separados por seis arcos de volta perfeita de cada lado e sustentados por colunas; transepto; e cabeceira com dois absid\u00edolos. As obras foram dirigidas por Nuno Paio. Deste per\u00edodo, s\u00e3o a maior parte dos elementos rom\u00e2nicos que hoje ali se podem observar: nave central (mais alta que as laterais); portal principal, cujo t\u00edmpano foi destru\u00eddo na \u00e9poca quinhentista, mas onde subsistem duas arquivoltas decoradas com animais fant\u00e1sticos e historiadas com passos de gestas medievais, de origem borgonhesa (Can\u00e7\u00e3o de Roland e Romance da Raposa); portal lateral (conhecido por Porta do Sol), situado no lado Sul da Catedral, com arcos e capit\u00e9is decorados com motivos geom\u00e9tricos e vegetalistas, e modilh\u00f5es trabalhados com figuras humanas e animalescas. O templo foi erigido segundo os c\u00e2nones arquitet\u00f3nicos da Ordem de Cluny, por influ\u00eancia dos prelados S. Geraldo e D. Maur\u00edcio Burdino, a quem o conde D. Henrique e D. Teresa confiaram a obra.<br \/>\nEm finais de quatrocentos, in\u00edcios de quinhentos, e por ordem do arcebispo D. Jorge da Costa, foi acrescentada uma galil\u00e9 g\u00f3tica, apoiada por contrafortes, tendo D. Diogo de Sousa, que lhe sucedeu, completado a sua decora\u00e7\u00e3o. \u00c9 dividida por tr\u00eas tramos, a que correspondem tr\u00eas arcos na frontaria, sendo o do centro, bastante mais largo e de volta inteira, e os outros ogivais. Existe ainda outro arco ogival que abre para o lado sul.<br \/>\nEx-libris da hist\u00f3ria de Braga, a S\u00e9 re\u00fane os estilos arquitet\u00f3nicos das diversas \u00e9pocas que atravessou, desde sua sagra\u00e7\u00e3o em 1093 at\u00e9 hoje. O rom\u00e2nico, o g\u00f3tico (manuelino) e o barroco s\u00e3o os principais elementos de um mosaico estil\u00edstico que congrega fascinantes capelas (dos Reis, de S. Geraldo, da Gl\u00f3ria) e um excecional tesouro.<br \/>\nNesta catedral encontram-se os t\u00famulos de Henrique de Borgonha e sua mulher, Teresa de Le\u00e3o, os condes do Condado Portucalense, pais do rei D. Afonso Henriques.<\/p>\n<p><strong>Fontes:<\/strong><br \/>\n<a href=\"http:\/\/www.guiadacidade.pt\/\">http:\/\/www.guiadacidade.pt\/<\/a><br \/>\n<a href=\"http:\/\/viajar.clix.pt\/\">http:\/\/viajar.clix.pt\/<\/a><br \/>\n<a href=\"http:\/\/www.lifecooler.com\/\">http:\/\/www.lifecooler.com\/<\/a><br \/>\n<a href=\"http:\/\/www.e-cultura.pt\/\">http:\/\/www.e-cultura.pt\/<\/a><\/p>\n","protected":false},"excerpt":{"rendered":"<p>Considerada como um centro de irradia\u00e7\u00e3o episcopal e um dos mais importantes templos do rom\u00e2nico portugu\u00eas, a sua hist\u00f3ria remonta \u00e0 obra do primeiro bispo, D. Pedro de Braga (1070), que concebeu um Projeto de peregrina\u00e7\u00e3o algo semelhante ao de Santiago de Compostela e de outras igrejas de peregrina\u00e7\u00e3o francesas, com tr\u00eas naves, transepto saliente, &hellip; <\/p>\n<p class=\"link-more\"><a href=\"http:\/\/arte.vmribeiro.net\/?p=819\" class=\"more-link\">Continue reading<span class=\"screen-reader-text\"> &#8220;S\u00e9 de Braga&#8221;<\/span><\/a><\/p>\n","protected":false},"author":1,"featured_media":0,"comment_status":"open","ping_status":"open","sticky":false,"template":"","format":"standard","meta":{"footnotes":""},"categories":[5,3],"tags":[144,247,13,147,145],"class_list":["post-819","post","type-post","status-publish","format-standard","hentry","category-arquitectura","category-arte-romanica","tag-braga","tag-catedral-de-braga","tag-portugal","tag-se-catedral-de-braga","tag-se-de-braga"],"_links":{"self":[{"href":"http:\/\/arte.vmribeiro.net\/index.php?rest_route=\/wp\/v2\/posts\/819","targetHints":{"allow":["GET"]}}],"collection":[{"href":"http:\/\/arte.vmribeiro.net\/index.php?rest_route=\/wp\/v2\/posts"}],"about":[{"href":"http:\/\/arte.vmribeiro.net\/index.php?rest_route=\/wp\/v2\/types\/post"}],"author":[{"embeddable":true,"href":"http:\/\/arte.vmribeiro.net\/index.php?rest_route=\/wp\/v2\/users\/1"}],"replies":[{"embeddable":true,"href":"http:\/\/arte.vmribeiro.net\/index.php?rest_route=%2Fwp%2Fv2%2Fcomments&post=819"}],"version-history":[{"count":2,"href":"http:\/\/arte.vmribeiro.net\/index.php?rest_route=\/wp\/v2\/posts\/819\/revisions"}],"predecessor-version":[{"id":821,"href":"http:\/\/arte.vmribeiro.net\/index.php?rest_route=\/wp\/v2\/posts\/819\/revisions\/821"}],"wp:attachment":[{"href":"http:\/\/arte.vmribeiro.net\/index.php?rest_route=%2Fwp%2Fv2%2Fmedia&parent=819"}],"wp:term":[{"taxonomy":"category","embeddable":true,"href":"http:\/\/arte.vmribeiro.net\/index.php?rest_route=%2Fwp%2Fv2%2Fcategories&post=819"},{"taxonomy":"post_tag","embeddable":true,"href":"http:\/\/arte.vmribeiro.net\/index.php?rest_route=%2Fwp%2Fv2%2Ftags&post=819"}],"curies":[{"name":"wp","href":"https:\/\/api.w.org\/{rel}","templated":true}]}}