{"id":181,"date":"2011-01-19T19:23:46","date_gmt":"2011-01-19T19:23:46","guid":{"rendered":"http:\/\/arte.vmribeiro.net\/?p=181"},"modified":"2011-01-19T19:23:46","modified_gmt":"2011-01-19T19:23:46","slug":"colunelos-e-capiteis-da-igreja-matriz-de-barcelos","status":"publish","type":"post","link":"https:\/\/arte.vmribeiro.net\/?p=181","title":{"rendered":"Colunelos e capit\u00e9is da Igreja matriz de Barcelos"},"content":{"rendered":"<figure id=\"attachment_182\" aria-describedby=\"caption-attachment-182\" style=\"width: 333px\" class=\"wp-caption aligncenter\"><a rel=\"attachment wp-att-182\" href=\"http:\/\/arte.vmribeiro.net\/?attachment_id=182\"><img loading=\"lazy\" decoding=\"async\" class=\"size-full wp-image-182\" title=\"BARCELOS (Portugal): Colunelos e capit\u00e9is da Igreja de Santa Maria Maior, matriz de Barcelos.\" src=\"http:\/\/arte.vmribeiro.net\/wp-content\/uploads\/2011\/01\/159143490_39ee0965ac.jpg\" alt=\"BARCELOS (Portugal): Colunelos e capit\u00e9is da Igreja de Santa Maria Maior, matriz de Barcelos.\" width=\"333\" height=\"500\" srcset=\"https:\/\/arte.vmribeiro.net\/wp-content\/uploads\/2011\/01\/159143490_39ee0965ac.jpg 333w, https:\/\/arte.vmribeiro.net\/wp-content\/uploads\/2011\/01\/159143490_39ee0965ac-199x300.jpg 199w\" sizes=\"auto, (max-width: 333px) 100vw, 333px\" \/><\/a><figcaption id=\"caption-attachment-182\" class=\"wp-caption-text\">BARCELOS (Portugal): Colunelos e capit\u00e9is da Igreja de Santa Maria Maior, matriz de Barcelos.<\/figcaption><\/figure>\n<p>Apesar do aspecto geral rom\u00e2nico, a matriz barcelense deve inserir-se j\u00e1  no per\u00edodo g\u00f3tico, como o portal principal bem o evidencia. Portal  axial profundo inserido em alfiz, precedido por escadaria que se  desenvolve entre os contrafortes, em arco quebrado enquadrado por cinco  arquivoltas quebradas e decoradas, assentes em impostas tamb\u00e9m  decoradas. S\u00e3o suportadas por finos colunelos, redondos e prism\u00e1ticos, \u00e0  excep\u00e7\u00e3o da exterior que repousa sobre imposta, com bases e capit\u00e9is  decorados com motivos fitom\u00f3rficos e zoom\u00f3rficos.<\/p>\n","protected":false},"excerpt":{"rendered":"<p>Apesar do aspecto geral rom\u00e2nico, a matriz barcelense deve inserir-se j\u00e1 no per\u00edodo g\u00f3tico, como o portal principal bem o evidencia. <\/p>\n","protected":false},"author":1,"featured_media":0,"comment_status":"open","ping_status":"open","sticky":false,"template":"","format":"standard","meta":{"footnotes":""},"categories":[7,4,8],"tags":[72,34,45,73,40,13],"class_list":["post-181","post","type-post","status-publish","format-standard","hentry","category-arquitectura-arte-gotica","category-arte-gotica","category-escultura-arte-gotica","tag-barcelos","tag-capiteis","tag-colunelos","tag-igreja-de-santa-maria-maior","tag-igreja-matriz","tag-portugal"],"_links":{"self":[{"href":"https:\/\/arte.vmribeiro.net\/index.php?rest_route=\/wp\/v2\/posts\/181","targetHints":{"allow":["GET"]}}],"collection":[{"href":"https:\/\/arte.vmribeiro.net\/index.php?rest_route=\/wp\/v2\/posts"}],"about":[{"href":"https:\/\/arte.vmribeiro.net\/index.php?rest_route=\/wp\/v2\/types\/post"}],"author":[{"embeddable":true,"href":"https:\/\/arte.vmribeiro.net\/index.php?rest_route=\/wp\/v2\/users\/1"}],"replies":[{"embeddable":true,"href":"https:\/\/arte.vmribeiro.net\/index.php?rest_route=%2Fwp%2Fv2%2Fcomments&post=181"}],"version-history":[{"count":2,"href":"https:\/\/arte.vmribeiro.net\/index.php?rest_route=\/wp\/v2\/posts\/181\/revisions"}],"predecessor-version":[{"id":184,"href":"https:\/\/arte.vmribeiro.net\/index.php?rest_route=\/wp\/v2\/posts\/181\/revisions\/184"}],"wp:attachment":[{"href":"https:\/\/arte.vmribeiro.net\/index.php?rest_route=%2Fwp%2Fv2%2Fmedia&parent=181"}],"wp:term":[{"taxonomy":"category","embeddable":true,"href":"https:\/\/arte.vmribeiro.net\/index.php?rest_route=%2Fwp%2Fv2%2Fcategories&post=181"},{"taxonomy":"post_tag","embeddable":true,"href":"https:\/\/arte.vmribeiro.net\/index.php?rest_route=%2Fwp%2Fv2%2Ftags&post=181"}],"curies":[{"name":"wp","href":"https:\/\/api.w.org\/{rel}","templated":true}]}}