{"id":400,"date":"2011-03-20T12:30:59","date_gmt":"2011-03-20T12:30:59","guid":{"rendered":"http:\/\/arte.vmribeiro.net\/?p=400"},"modified":"2011-03-20T12:31:01","modified_gmt":"2011-03-20T12:31:01","slug":"castelo-de-tomar","status":"publish","type":"post","link":"https:\/\/arte.vmribeiro.net\/?p=400","title":{"rendered":"Castelo de Tomar"},"content":{"rendered":"<figure id=\"attachment_401\" aria-describedby=\"caption-attachment-401\" style=\"width: 500px\" class=\"wp-caption aligncenter\"><a rel=\"attachment wp-att-401\" href=\"http:\/\/arte.vmribeiro.net\/?attachment_id=401\"><img loading=\"lazy\" decoding=\"async\" class=\"size-full wp-image-401\" title=\"Castelo de Tomar\" src=\"http:\/\/arte.vmribeiro.net\/wp-content\/uploads\/2011\/03\/220819975_009a24e8db.jpg\" alt=\"TOMAR (Portugal): Castelo de Tomar.\" width=\"500\" height=\"378\" srcset=\"https:\/\/arte.vmribeiro.net\/wp-content\/uploads\/2011\/03\/220819975_009a24e8db.jpg 500w, https:\/\/arte.vmribeiro.net\/wp-content\/uploads\/2011\/03\/220819975_009a24e8db-300x226.jpg 300w\" sizes=\"auto, (max-width: 500px) 100vw, 500px\" \/><\/a><figcaption id=\"caption-attachment-401\" class=\"wp-caption-text\">TOMAR (Portugal): Castelo de Tomar.<\/figcaption><\/figure>\n<p>Situado sobre um cerro alto e escarpado na margem direita do rio Nab\u00e3o, o  castelo de Tomar foi fundado por D. Gualdim Pais, mestre dos  Templ\u00e1rios, em 1160, para defesa da vasta regi\u00e3o ent\u00e3o denominada Termo  de Ceras, doada aos Cavaleiros do Templo por D. Afonso Henriques. Tomar  tornou-se assim a sede da prov\u00edncia portuguesa da Ordem do Templo, at\u00e9 \u00e0  sua extin\u00e7\u00e3o em 1312 e, a partir de 1357, sede da Ordem de Cristo.<br \/>\nCom  influ\u00eancias da mais avan\u00e7ada arquitetura militar da \u00e9poca, a partir da  experi\u00eancia adquirida pelos Templ\u00e1rios na Terra Santa em constru\u00e7\u00e3o de  cidadelas fortificadas, o castelo integrou o sistema defensivo-ofensivo  da Reconquista.<\/p>\n<figure id=\"attachment_402\" aria-describedby=\"caption-attachment-402\" style=\"width: 500px\" class=\"wp-caption aligncenter\"><a rel=\"attachment wp-att-402\" href=\"http:\/\/arte.vmribeiro.net\/?attachment_id=402\"><img loading=\"lazy\" decoding=\"async\" class=\"size-full wp-image-402\" title=\"Castelo de Tomar\" src=\"http:\/\/arte.vmribeiro.net\/wp-content\/uploads\/2011\/03\/220819930_749af92d5e.jpg\" alt=\"TOMAR (Portugal): Castelo de Tomar.\" width=\"500\" height=\"378\" srcset=\"https:\/\/arte.vmribeiro.net\/wp-content\/uploads\/2011\/03\/220819930_749af92d5e.jpg 500w, https:\/\/arte.vmribeiro.net\/wp-content\/uploads\/2011\/03\/220819930_749af92d5e-300x226.jpg 300w\" sizes=\"auto, (max-width: 500px) 100vw, 500px\" \/><\/a><figcaption id=\"caption-attachment-402\" class=\"wp-caption-text\">TOMAR (Portugal): Castelo de Tomar.<\/figcaption><\/figure>\n<p>De acordo com esses preceitos de estrat\u00e9gia militar, o castelo  desenvolveu-se em tr\u00eas recintos muralhados distintos que uma cintura de  muralha envolvia, delimitando o seu per\u00edmetro exterior. Duas cortinas de  muralha interiores atravessavam a grande cintura perif\u00e9rica,  estruturando os tr\u00eas recintos do lugar acastelado, sendo que a maior  dessas cortinas de muralhas ia das imedia\u00e7\u00f5es da atual entrada para as  &#8220;Capelas Incompletas&#8221; at\u00e9 junto da Torre de D. Catarina, e que hoje se  encontra transformada no muro de suporte das terras que formam o  terreiro do jardim. A segunda cortina interna de muralhas estendia-se  desde a fachada Leste da Charola at\u00e9 \u00e0 zona Sul da Alc\u00e1\u00e7ova.<br \/>\nO  n\u00facleo primitivo, reduto dos Cavaleiros Templ\u00e1rios, era constitu\u00eddo,  pela Alc\u00e1\u00e7ova, com a sua Torre de Menagem, onde se reutilizaram l\u00e1pides  romanas, e pela denominada Charola. Esta consistia num templo redondo  que se tornou no n\u00facleo irradiador do Convento de Cristo e que, pela sua  localiza\u00e7\u00e3o e caracter\u00edsticas construtivas (paredes duplas) era, no  conjunto da cidadela, um local praticamente inexpugn\u00e1vel.<\/p>\n<p><strong>Fonte:<\/strong> <a href=\"http:\/\/www.e-cultura.pt\/WebPatriPatrimonioNArqui.aspx?IDPatrimonio=2239\">e-cultura.pt<\/a><\/p>\n","protected":false},"excerpt":{"rendered":"<p>Situado sobre um cerro alto e escarpado na margem direita do rio Nab\u00e3o, o castelo de Tomar foi fundado por D. Gualdim Pais, mestre dos Templ\u00e1rios, em 1160, para defesa da vasta regi\u00e3o ent\u00e3o denominada Termo de Ceras, doada aos Cavaleiros do Templo por D. Afonso Henriques. Tomar tornou-se assim a sede da prov\u00edncia portuguesa &hellip; <\/p>\n<p class=\"link-more\"><a href=\"https:\/\/arte.vmribeiro.net\/?p=400\" class=\"more-link\">Continue reading<span class=\"screen-reader-text\"> &#8220;Castelo de Tomar&#8221;<\/span><\/a><\/p>\n","protected":false},"author":1,"featured_media":0,"comment_status":"open","ping_status":"open","sticky":false,"template":"","format":"standard","meta":{"footnotes":""},"categories":[5,3],"tags":[47,151,154,155,13,152,153],"class_list":["post-400","post","type-post","status-publish","format-standard","hentry","category-arquitectura","category-arte-romanica","tag-castelo","tag-castelo-de-tomar","tag-cavaleiros-do-templo","tag-ordem-de-cristo","tag-portugal","tag-templarios","tag-tomar"],"_links":{"self":[{"href":"https:\/\/arte.vmribeiro.net\/index.php?rest_route=\/wp\/v2\/posts\/400","targetHints":{"allow":["GET"]}}],"collection":[{"href":"https:\/\/arte.vmribeiro.net\/index.php?rest_route=\/wp\/v2\/posts"}],"about":[{"href":"https:\/\/arte.vmribeiro.net\/index.php?rest_route=\/wp\/v2\/types\/post"}],"author":[{"embeddable":true,"href":"https:\/\/arte.vmribeiro.net\/index.php?rest_route=\/wp\/v2\/users\/1"}],"replies":[{"embeddable":true,"href":"https:\/\/arte.vmribeiro.net\/index.php?rest_route=%2Fwp%2Fv2%2Fcomments&post=400"}],"version-history":[{"count":3,"href":"https:\/\/arte.vmribeiro.net\/index.php?rest_route=\/wp\/v2\/posts\/400\/revisions"}],"predecessor-version":[{"id":405,"href":"https:\/\/arte.vmribeiro.net\/index.php?rest_route=\/wp\/v2\/posts\/400\/revisions\/405"}],"wp:attachment":[{"href":"https:\/\/arte.vmribeiro.net\/index.php?rest_route=%2Fwp%2Fv2%2Fmedia&parent=400"}],"wp:term":[{"taxonomy":"category","embeddable":true,"href":"https:\/\/arte.vmribeiro.net\/index.php?rest_route=%2Fwp%2Fv2%2Fcategories&post=400"},{"taxonomy":"post_tag","embeddable":true,"href":"https:\/\/arte.vmribeiro.net\/index.php?rest_route=%2Fwp%2Fv2%2Ftags&post=400"}],"curies":[{"name":"wp","href":"https:\/\/api.w.org\/{rel}","templated":true}]}}