{"id":407,"date":"2011-03-22T11:38:06","date_gmt":"2011-03-22T11:38:06","guid":{"rendered":"http:\/\/arte.vmribeiro.net\/?p=407"},"modified":"2011-03-22T11:38:06","modified_gmt":"2011-03-22T11:38:06","slug":"igreja-da-misericordia-em-pinhel","status":"publish","type":"post","link":"https:\/\/arte.vmribeiro.net\/?p=407","title":{"rendered":"Igreja da Miseric\u00f3rdia em Pinhel"},"content":{"rendered":"<figure id=\"attachment_408\" aria-describedby=\"caption-attachment-408\" style=\"width: 500px\" class=\"wp-caption aligncenter\"><a rel=\"attachment wp-att-408\" href=\"http:\/\/arte.vmribeiro.net\/?attachment_id=408\"><img loading=\"lazy\" decoding=\"async\" class=\"size-full wp-image-408\" title=\"Igreja da Miseric\u00f3rdia em Pinhel\" src=\"http:\/\/arte.vmribeiro.net\/wp-content\/uploads\/2011\/03\/185767749_2abb2884d2.jpg\" alt=\"PINHEL (Portugal): Igreja da Miseric\u00f3rdia.\" width=\"500\" height=\"392\" srcset=\"https:\/\/arte.vmribeiro.net\/wp-content\/uploads\/2011\/03\/185767749_2abb2884d2.jpg 500w, https:\/\/arte.vmribeiro.net\/wp-content\/uploads\/2011\/03\/185767749_2abb2884d2-300x235.jpg 300w\" sizes=\"auto, (max-width: 500px) 100vw, 500px\" \/><\/a><figcaption id=\"caption-attachment-408\" class=\"wp-caption-text\">PINHEL (Portugal): Igreja da Miseric\u00f3rdia.<\/figcaption><\/figure>\n<p>A Igreja da Miseric\u00f3rdia de Pinhel, cont\u00edgua \u00e0 Igreja de S\u00e3o Lu\u00eds, ter\u00e1  sido constru\u00edda no s\u00e9culo XVI, j\u00e1 que a data de 1537 encontra-se gravada  no altar da capela lateral. Na mesma altura \u00e9 fundada a Santa Casa da  Miseric\u00f3rdia de Pinhel.<br \/>\nA Igreja, de arquitectura religiosa  manuelina, \u00e9 constitu\u00edda por uma nave \u00fanica com tribunas laterais  sim\u00e9tricas e capela-mor, e um janel\u00e3o setecentista na fachada.<br \/>\nEm 1810, nas invas\u00f5es francesas a Portugal, as tropas francesas destru\u00edram o cart\u00f3rio da Miseric\u00f3ria e saquearam a Igreja.<\/p>\n<p><strong>Fonte:<\/strong> <a href=\"http:\/\/pt.wikipedia.org\/wiki\/Igreja_da_Miseric%C3%B3rdia_de_Pinhel\">Wikipedia<\/a><\/p>\n","protected":false},"excerpt":{"rendered":"<p>A Igreja da Miseric\u00f3rdia de Pinhel, cont\u00edgua \u00e0 Igreja de S\u00e3o Lu\u00eds, ter\u00e1 sido constru\u00edda no s\u00e9culo XVI, j\u00e1 que a data de 1537 encontra-se gravada no altar da capela lateral. Na mesma altura \u00e9 fundada a Santa Casa da Miseric\u00f3rdia de Pinhel. A Igreja, de arquitectura religiosa manuelina, \u00e9 constitu\u00edda por uma nave \u00fanica &hellip; <\/p>\n<p class=\"link-more\"><a href=\"https:\/\/arte.vmribeiro.net\/?p=407\" class=\"more-link\">Continue reading<span class=\"screen-reader-text\"> &#8220;Igreja da Miseric\u00f3rdia em Pinhel&#8221;<\/span><\/a><\/p>\n","protected":false},"author":1,"featured_media":0,"comment_status":"open","ping_status":"open","sticky":false,"template":"","format":"standard","meta":{"footnotes":""},"categories":[7,4,27],"tags":[157,26,156,13],"class_list":["post-407","post","type-post","status-publish","format-standard","hentry","category-arquitectura-arte-gotica","category-arte-gotica","category-manuelino-arquitectura-arte-gotica","tag-igreja-da-misericordia","tag-manuelino","tag-pinhel","tag-portugal"],"_links":{"self":[{"href":"https:\/\/arte.vmribeiro.net\/index.php?rest_route=\/wp\/v2\/posts\/407","targetHints":{"allow":["GET"]}}],"collection":[{"href":"https:\/\/arte.vmribeiro.net\/index.php?rest_route=\/wp\/v2\/posts"}],"about":[{"href":"https:\/\/arte.vmribeiro.net\/index.php?rest_route=\/wp\/v2\/types\/post"}],"author":[{"embeddable":true,"href":"https:\/\/arte.vmribeiro.net\/index.php?rest_route=\/wp\/v2\/users\/1"}],"replies":[{"embeddable":true,"href":"https:\/\/arte.vmribeiro.net\/index.php?rest_route=%2Fwp%2Fv2%2Fcomments&post=407"}],"version-history":[{"count":3,"href":"https:\/\/arte.vmribeiro.net\/index.php?rest_route=\/wp\/v2\/posts\/407\/revisions"}],"predecessor-version":[{"id":411,"href":"https:\/\/arte.vmribeiro.net\/index.php?rest_route=\/wp\/v2\/posts\/407\/revisions\/411"}],"wp:attachment":[{"href":"https:\/\/arte.vmribeiro.net\/index.php?rest_route=%2Fwp%2Fv2%2Fmedia&parent=407"}],"wp:term":[{"taxonomy":"category","embeddable":true,"href":"https:\/\/arte.vmribeiro.net\/index.php?rest_route=%2Fwp%2Fv2%2Fcategories&post=407"},{"taxonomy":"post_tag","embeddable":true,"href":"https:\/\/arte.vmribeiro.net\/index.php?rest_route=%2Fwp%2Fv2%2Ftags&post=407"}],"curies":[{"name":"wp","href":"https:\/\/api.w.org\/{rel}","templated":true}]}}