{"id":421,"date":"2011-03-27T09:15:17","date_gmt":"2011-03-27T09:15:17","guid":{"rendered":"http:\/\/arte.vmribeiro.net\/?p=421"},"modified":"2011-03-27T09:15:17","modified_gmt":"2011-03-27T09:15:17","slug":"portal-manuelino-da-se-da-guarda","status":"publish","type":"post","link":"https:\/\/arte.vmribeiro.net\/?p=421","title":{"rendered":"Portal manuelino da S\u00e9 da Guarda"},"content":{"rendered":"<figure id=\"attachment_422\" aria-describedby=\"caption-attachment-422\" style=\"width: 375px\" class=\"wp-caption aligncenter\"><a rel=\"attachment wp-att-422\" href=\"http:\/\/arte.vmribeiro.net\/?attachment_id=422\"><img loading=\"lazy\" decoding=\"async\" class=\"size-full wp-image-422\" title=\"Portal manuelino da S\u00e9 da guarda\" src=\"http:\/\/arte.vmribeiro.net\/wp-content\/uploads\/2011\/03\/191536626_d6547ab91c.jpg\" alt=\"GUARDA (Portugal): Portal manuelino da S\u00e9.\" width=\"375\" height=\"500\" srcset=\"https:\/\/arte.vmribeiro.net\/wp-content\/uploads\/2011\/03\/191536626_d6547ab91c.jpg 375w, https:\/\/arte.vmribeiro.net\/wp-content\/uploads\/2011\/03\/191536626_d6547ab91c-225x300.jpg 225w\" sizes=\"auto, (max-width: 375px) 100vw, 375px\" \/><\/a><figcaption id=\"caption-attachment-422\" class=\"wp-caption-text\">GUARDA (Portugal): Portal manuelino da S\u00e9.<\/figcaption><\/figure>\n<p>O portal tem arco abatido, com cogulhos internos, que se entrela\u00e7am, dando  origem a uma nicho com m\u00edsula e baldaquino, onde se integra a imagem de  Nossa Senhora da Assun\u00e7\u00e3o; \u00e9 ladeado por dois colunelos finos, assentes  em bases altas com toros e esc\u00f3cias, surgindo, nos intercol\u00fanios,  m\u00edsulas ornadas por folhagem protegidas por baldaquinos; o colunelo  exterior prolonga-se sobre o nicho da Virgem, em arco canopial, com  cogulhos internos e externos, sendo flanqueado por dois possantes  gigantes, constitu\u00eddos por amplas bases, de onde saem feixes de colunas  torsas, rematando em pin\u00e1culos tamb\u00e9m torsos e com flor\u00e3o.<\/p>\n","protected":false},"excerpt":{"rendered":"<p>O portal tem arco abatido, com cogulhos internos, que se entrela\u00e7am, dando origem a uma nicho com m\u00edsula e baldaquino, onde se integra a imagem de Nossa Senhora da Assun\u00e7\u00e3o; \u00e9 ladeado por dois colunelos finos, assentes em bases altas com toros e esc\u00f3cias, surgindo, nos intercol\u00fanios, m\u00edsulas ornadas por folhagem protegidas por baldaquinos; o &hellip; <\/p>\n<p class=\"link-more\"><a href=\"https:\/\/arte.vmribeiro.net\/?p=421\" class=\"more-link\">Continue reading<span class=\"screen-reader-text\"> &#8220;Portal manuelino da S\u00e9 da Guarda&#8221;<\/span><\/a><\/p>\n","protected":false},"author":1,"featured_media":0,"comment_status":"open","ping_status":"open","sticky":false,"template":"","format":"standard","meta":{"footnotes":""},"categories":[7,4,27],"tags":[163,26,164,13,160],"class_list":["post-421","post","type-post","status-publish","format-standard","hentry","category-arquitectura-arte-gotica","category-arte-gotica","category-manuelino-arquitectura-arte-gotica","tag-guarda","tag-manuelino","tag-portal-manuelino","tag-portugal","tag-se-da-guarda"],"_links":{"self":[{"href":"https:\/\/arte.vmribeiro.net\/index.php?rest_route=\/wp\/v2\/posts\/421","targetHints":{"allow":["GET"]}}],"collection":[{"href":"https:\/\/arte.vmribeiro.net\/index.php?rest_route=\/wp\/v2\/posts"}],"about":[{"href":"https:\/\/arte.vmribeiro.net\/index.php?rest_route=\/wp\/v2\/types\/post"}],"author":[{"embeddable":true,"href":"https:\/\/arte.vmribeiro.net\/index.php?rest_route=\/wp\/v2\/users\/1"}],"replies":[{"embeddable":true,"href":"https:\/\/arte.vmribeiro.net\/index.php?rest_route=%2Fwp%2Fv2%2Fcomments&post=421"}],"version-history":[{"count":2,"href":"https:\/\/arte.vmribeiro.net\/index.php?rest_route=\/wp\/v2\/posts\/421\/revisions"}],"predecessor-version":[{"id":424,"href":"https:\/\/arte.vmribeiro.net\/index.php?rest_route=\/wp\/v2\/posts\/421\/revisions\/424"}],"wp:attachment":[{"href":"https:\/\/arte.vmribeiro.net\/index.php?rest_route=%2Fwp%2Fv2%2Fmedia&parent=421"}],"wp:term":[{"taxonomy":"category","embeddable":true,"href":"https:\/\/arte.vmribeiro.net\/index.php?rest_route=%2Fwp%2Fv2%2Fcategories&post=421"},{"taxonomy":"post_tag","embeddable":true,"href":"https:\/\/arte.vmribeiro.net\/index.php?rest_route=%2Fwp%2Fv2%2Ftags&post=421"}],"curies":[{"name":"wp","href":"https:\/\/api.w.org\/{rel}","templated":true}]}}