{"id":442,"date":"2011-04-06T19:47:34","date_gmt":"2011-04-06T19:47:34","guid":{"rendered":"http:\/\/arte.vmribeiro.net\/?p=442"},"modified":"2011-04-06T19:47:34","modified_gmt":"2011-04-06T19:47:34","slug":"capiteis-romanicos-da-igreja-de-san-martin","status":"publish","type":"post","link":"https:\/\/arte.vmribeiro.net\/?p=442","title":{"rendered":"Capit\u00e9is rom\u00e2nicos da Igreja de San Martin"},"content":{"rendered":"<figure id=\"attachment_443\" aria-describedby=\"caption-attachment-443\" style=\"width: 375px\" class=\"wp-caption aligncenter\"><a rel=\"attachment wp-att-443\" href=\"http:\/\/arte.vmribeiro.net\/?attachment_id=443\"><img loading=\"lazy\" decoding=\"async\" class=\"size-full wp-image-443\" title=\"Capit\u00e9is rom\u00e2nicos da Igreja de San Martin\" src=\"http:\/\/arte.vmribeiro.net\/wp-content\/uploads\/2011\/04\/244434141_1e7bf5a6b6.jpg\" alt=\"SEG\u00d3VIA (Espanha): Capit\u00e9is rom\u00e2nicos da Igreja de San Martin (S\u00e9c. XII).\" width=\"375\" height=\"500\" srcset=\"https:\/\/arte.vmribeiro.net\/wp-content\/uploads\/2011\/04\/244434141_1e7bf5a6b6.jpg 375w, https:\/\/arte.vmribeiro.net\/wp-content\/uploads\/2011\/04\/244434141_1e7bf5a6b6-225x300.jpg 225w\" sizes=\"auto, (max-width: 375px) 100vw, 375px\" \/><\/a><figcaption id=\"caption-attachment-443\" class=\"wp-caption-text\">SEG\u00d3VIA (Espanha): Capit\u00e9is rom\u00e2nicos da Igreja de San Martin (S\u00e9c. XII).<\/figcaption><\/figure>\n<figure id=\"attachment_444\" aria-describedby=\"caption-attachment-444\" style=\"width: 500px\" class=\"wp-caption aligncenter\"><a rel=\"attachment wp-att-444\" href=\"http:\/\/arte.vmribeiro.net\/?attachment_id=444\"><img loading=\"lazy\" decoding=\"async\" class=\"size-full wp-image-444\" title=\"Capit\u00e9is rom\u00e2nicos da Igreja de San Martin (S\u00e9c. XII)\" src=\"http:\/\/arte.vmribeiro.net\/wp-content\/uploads\/2011\/04\/244490046_c503d1e5a5.jpg\" alt=\"SEG\u00d3VIA (Espanha): Capit\u00e9is rom\u00e2nicos da Igreja de San Martin (S\u00e9c. XII).\" width=\"500\" height=\"383\" srcset=\"https:\/\/arte.vmribeiro.net\/wp-content\/uploads\/2011\/04\/244490046_c503d1e5a5.jpg 500w, https:\/\/arte.vmribeiro.net\/wp-content\/uploads\/2011\/04\/244490046_c503d1e5a5-300x229.jpg 300w\" sizes=\"auto, (max-width: 500px) 100vw, 500px\" \/><\/a><figcaption id=\"caption-attachment-444\" class=\"wp-caption-text\">SEG\u00d3VIA (Espanha): Capit\u00e9is rom\u00e2nicos da Igreja de San Martin (S\u00e9c. XII).<\/figcaption><\/figure>\n<figure id=\"attachment_445\" aria-describedby=\"caption-attachment-445\" style=\"width: 375px\" class=\"wp-caption aligncenter\"><a rel=\"attachment wp-att-445\" href=\"http:\/\/arte.vmribeiro.net\/?attachment_id=445\"><img loading=\"lazy\" decoding=\"async\" class=\"size-full wp-image-445\" title=\"Capit\u00e9is rom\u00e2nicos da Igreja de San Martin (S\u00e9c. XII)\" src=\"http:\/\/arte.vmribeiro.net\/wp-content\/uploads\/2011\/04\/244490083_951bb6e5f5.jpg\" alt=\"SEG\u00d3VIA (Espanha): Capit\u00e9is rom\u00e2nicos da Igreja de San Martin (S\u00e9c. XII).\" width=\"375\" height=\"500\" srcset=\"https:\/\/arte.vmribeiro.net\/wp-content\/uploads\/2011\/04\/244490083_951bb6e5f5.jpg 375w, https:\/\/arte.vmribeiro.net\/wp-content\/uploads\/2011\/04\/244490083_951bb6e5f5-225x300.jpg 225w\" sizes=\"auto, (max-width: 375px) 100vw, 375px\" \/><\/a><figcaption id=\"caption-attachment-445\" class=\"wp-caption-text\">SEG\u00d3VIA (Espanha): Capit\u00e9is rom\u00e2nicos da Igreja de San Martin (S\u00e9c. XII).<\/figcaption><\/figure>\n<p>A fachada norte da Igreja de San Martin (S\u00e9c. XII) tem alguns dos mais belos capit\u00e9is rom\u00e2nicos que podemos admirar.<\/p>\n","protected":false},"excerpt":{"rendered":"<p>A fachada norte da Igreja de San Martin (S\u00e9c. XII) tem alguns dos mais belos capit\u00e9is rom\u00e2nicos que podemos admirar.<\/p>\n","protected":false},"author":1,"featured_media":0,"comment_status":"open","ping_status":"open","sticky":false,"template":"","format":"standard","meta":{"footnotes":""},"categories":[5,3,6],"tags":[170,33,15,83,171,82,168],"class_list":["post-442","post","type-post","status-publish","format-standard","hentry","category-arquitectura","category-arte-romanica","category-escultura","tag-capiteis-romanicos","tag-esculturas","tag-espanha","tag-iglesia-san-martin","tag-igreja-de-san-martin","tag-san-martin","tag-segovia"],"_links":{"self":[{"href":"https:\/\/arte.vmribeiro.net\/index.php?rest_route=\/wp\/v2\/posts\/442","targetHints":{"allow":["GET"]}}],"collection":[{"href":"https:\/\/arte.vmribeiro.net\/index.php?rest_route=\/wp\/v2\/posts"}],"about":[{"href":"https:\/\/arte.vmribeiro.net\/index.php?rest_route=\/wp\/v2\/types\/post"}],"author":[{"embeddable":true,"href":"https:\/\/arte.vmribeiro.net\/index.php?rest_route=\/wp\/v2\/users\/1"}],"replies":[{"embeddable":true,"href":"https:\/\/arte.vmribeiro.net\/index.php?rest_route=%2Fwp%2Fv2%2Fcomments&post=442"}],"version-history":[{"count":2,"href":"https:\/\/arte.vmribeiro.net\/index.php?rest_route=\/wp\/v2\/posts\/442\/revisions"}],"predecessor-version":[{"id":447,"href":"https:\/\/arte.vmribeiro.net\/index.php?rest_route=\/wp\/v2\/posts\/442\/revisions\/447"}],"wp:attachment":[{"href":"https:\/\/arte.vmribeiro.net\/index.php?rest_route=%2Fwp%2Fv2%2Fmedia&parent=442"}],"wp:term":[{"taxonomy":"category","embeddable":true,"href":"https:\/\/arte.vmribeiro.net\/index.php?rest_route=%2Fwp%2Fv2%2Fcategories&post=442"},{"taxonomy":"post_tag","embeddable":true,"href":"https:\/\/arte.vmribeiro.net\/index.php?rest_route=%2Fwp%2Fv2%2Ftags&post=442"}],"curies":[{"name":"wp","href":"https:\/\/api.w.org\/{rel}","templated":true}]}}