{"id":486,"date":"2011-04-24T19:00:32","date_gmt":"2011-04-24T19:00:32","guid":{"rendered":"http:\/\/arte.vmribeiro.net\/?p=486"},"modified":"2011-04-24T19:00:32","modified_gmt":"2011-04-24T19:00:32","slug":"janela-do-capitulo-no-convento-de-cristo","status":"publish","type":"post","link":"https:\/\/arte.vmribeiro.net\/?p=486","title":{"rendered":"Janela do Cap\u00edtulo no Convento de Cristo"},"content":{"rendered":"<figure id=\"attachment_487\" aria-describedby=\"caption-attachment-487\" style=\"width: 365px\" class=\"wp-caption aligncenter\"><a rel=\"attachment wp-att-487\" href=\"http:\/\/arte.vmribeiro.net\/?attachment_id=487\"><img loading=\"lazy\" decoding=\"async\" class=\"size-full wp-image-487\" title=\"Janela do Cap\u00edtulo no Convento de Cristo\" src=\"http:\/\/arte.vmribeiro.net\/wp-content\/uploads\/2011\/04\/220822524_c4bdc4ba02.jpg\" alt=\"TOMAR (Portugal): Convento de Cristo (Janela do Cap\u00edtulo).\" width=\"365\" height=\"500\" srcset=\"https:\/\/arte.vmribeiro.net\/wp-content\/uploads\/2011\/04\/220822524_c4bdc4ba02.jpg 365w, https:\/\/arte.vmribeiro.net\/wp-content\/uploads\/2011\/04\/220822524_c4bdc4ba02-219x300.jpg 219w\" sizes=\"auto, (max-width: 365px) 100vw, 365px\" \/><\/a><figcaption id=\"caption-attachment-487\" class=\"wp-caption-text\">TOMAR (Portugal): Convento de Cristo (Janela do Cap\u00edtulo).<\/figcaption><\/figure>\n<p>A janela do Cap\u00edtulo do Convento, mais tarde imitada para o Pal\u00e1cio da  Pena, foi encomendada por D. Manuel I e desenhada por Diogo de Arruda. \u00c9  o mais conhecido exemplo de arquitectura manuelina, magnificamente  decorada no exterior, que \u00e9 a imagem mais representativa da exuber\u00e2ncia  da est\u00e9tica manuelina, ilustrativa do naturalismo ex\u00f3tico e do uso de  pormenores mar\u00edtimos, possui no intradorso colunelos a imitar troncos  podados, encimados por arco polilobado com flor\u00f5es onde se encaixa aro  torso; o enquadramento, em alto-relevo, inicia-se inferiormente com um  tronco desenraizado carregado por figura masculina barbada, que se  subdivide em 2 frisos de onde se elevam 2 colunas recamadas de folhagem e  corolas, atadas por grossos cord\u00f5es com n\u00f3s e ladeadas inferiormente  por 2 pequenos nichos vegetalistas desabitados e superiormente por duas  esferas armilares atadas a segmentos curvos de folhagem; sobre o v\u00e3o da  janela sobrep\u00f5e-se grosso arco polilobado recamado de folhas onde se  encaixam 2 aros torsos rematados inferiormente por flor\u00f5es, e cujos  segmentos superiores se enroscam; remata a composi\u00e7\u00e3o escudo real  encimado por cruz da Ordem de Cristo sobre pano de muro esquadriado.<\/p>\n","protected":false},"excerpt":{"rendered":"<p>A janela do Cap\u00edtulo do Convento, mais tarde imitada para o Pal\u00e1cio da Pena, foi encomendada por D. Manuel I e desenhada por Diogo de Arruda. \u00c9 o mais conhecido exemplo de arquitectura manuelina, magnificamente decorada no exterior, que \u00e9 a imagem mais representativa da exuber\u00e2ncia da est\u00e9tica manuelina, ilustrativa do naturalismo ex\u00f3tico e do &hellip; <\/p>\n<p class=\"link-more\"><a href=\"https:\/\/arte.vmribeiro.net\/?p=486\" class=\"more-link\">Continue reading<span class=\"screen-reader-text\"> &#8220;Janela do Cap\u00edtulo no Convento de Cristo&#8221;<\/span><\/a><\/p>\n","protected":false},"author":1,"featured_media":0,"comment_status":"open","ping_status":"open","sticky":false,"template":"","format":"standard","meta":{"footnotes":""},"categories":[7,4,27],"tags":[158,180,26,153],"class_list":["post-486","post","type-post","status-publish","format-standard","hentry","category-arquitectura-arte-gotica","category-arte-gotica","category-manuelino-arquitectura-arte-gotica","tag-convento-de-cristo","tag-janela-do-capitulo","tag-manuelino","tag-tomar"],"_links":{"self":[{"href":"https:\/\/arte.vmribeiro.net\/index.php?rest_route=\/wp\/v2\/posts\/486","targetHints":{"allow":["GET"]}}],"collection":[{"href":"https:\/\/arte.vmribeiro.net\/index.php?rest_route=\/wp\/v2\/posts"}],"about":[{"href":"https:\/\/arte.vmribeiro.net\/index.php?rest_route=\/wp\/v2\/types\/post"}],"author":[{"embeddable":true,"href":"https:\/\/arte.vmribeiro.net\/index.php?rest_route=\/wp\/v2\/users\/1"}],"replies":[{"embeddable":true,"href":"https:\/\/arte.vmribeiro.net\/index.php?rest_route=%2Fwp%2Fv2%2Fcomments&post=486"}],"version-history":[{"count":2,"href":"https:\/\/arte.vmribeiro.net\/index.php?rest_route=\/wp\/v2\/posts\/486\/revisions"}],"predecessor-version":[{"id":489,"href":"https:\/\/arte.vmribeiro.net\/index.php?rest_route=\/wp\/v2\/posts\/486\/revisions\/489"}],"wp:attachment":[{"href":"https:\/\/arte.vmribeiro.net\/index.php?rest_route=%2Fwp%2Fv2%2Fmedia&parent=486"}],"wp:term":[{"taxonomy":"category","embeddable":true,"href":"https:\/\/arte.vmribeiro.net\/index.php?rest_route=%2Fwp%2Fv2%2Fcategories&post=486"},{"taxonomy":"post_tag","embeddable":true,"href":"https:\/\/arte.vmribeiro.net\/index.php?rest_route=%2Fwp%2Fv2%2Ftags&post=486"}],"curies":[{"name":"wp","href":"https:\/\/api.w.org\/{rel}","templated":true}]}}