{"id":490,"date":"2011-04-30T16:18:28","date_gmt":"2011-04-30T16:18:28","guid":{"rendered":"http:\/\/arte.vmribeiro.net\/?p=490"},"modified":"2011-04-30T16:18:28","modified_gmt":"2011-04-30T16:18:28","slug":"oculo-manuelino-do-convento-de-cristo","status":"publish","type":"post","link":"https:\/\/arte.vmribeiro.net\/?p=490","title":{"rendered":"\u00d3culo manuelino do Convento de Cristo"},"content":{"rendered":"<figure id=\"attachment_491\" aria-describedby=\"caption-attachment-491\" style=\"width: 391px\" class=\"wp-caption aligncenter\"><a rel=\"attachment wp-att-491\" href=\"http:\/\/arte.vmribeiro.net\/?attachment_id=491\"><img loading=\"lazy\" decoding=\"async\" class=\"size-full wp-image-491\" title=\"\u00d3culo manuelino do Convento de Cristo\" src=\"http:\/\/arte.vmribeiro.net\/wp-content\/uploads\/2011\/04\/221824686_26105f1322.jpg\" alt=\"TOMAR (Portugal): \u00d3culo da parede Oeste.\" width=\"391\" height=\"500\" srcset=\"https:\/\/arte.vmribeiro.net\/wp-content\/uploads\/2011\/04\/221824686_26105f1322.jpg 391w, https:\/\/arte.vmribeiro.net\/wp-content\/uploads\/2011\/04\/221824686_26105f1322-234x300.jpg 234w\" sizes=\"auto, (max-width: 391px) 100vw, 391px\" \/><\/a><figcaption id=\"caption-attachment-491\" class=\"wp-caption-text\">TOMAR (Portugal): \u00d3culo da parede Oeste.<\/figcaption><\/figure>\n<p>No andar cimeiro da parede Oeste, a famosa janela manuelina \u00e9  sobrepujada por um \u00f3culo profundo de estrias radiantes envolvido por  moldura torsa, cuja gram\u00e1tica decorativa, igualmente alusiva aos  Descobrimentos, simboliza velas enfunadas pelo vento.<\/p>\n","protected":false},"excerpt":{"rendered":"<p>No andar cimeiro da parede Oeste, a famosa janela manuelina \u00e9 sobrepujada por um \u00f3culo profundo de estrias radiantes envolvido por moldura torsa, cuja gram\u00e1tica decorativa, igualmente alusiva aos Descobrimentos, simboliza velas enfunadas pelo vento.<\/p>\n","protected":false},"author":1,"featured_media":0,"comment_status":"open","ping_status":"open","sticky":false,"template":"","format":"standard","meta":{"footnotes":""},"categories":[7,4,27],"tags":[158,26,181,182,13,153],"class_list":["post-490","post","type-post","status-publish","format-standard","hentry","category-arquitectura-arte-gotica","category-arte-gotica","category-manuelino-arquitectura-arte-gotica","tag-convento-de-cristo","tag-manuelino","tag-oculo","tag-oculo-manuelino","tag-portugal","tag-tomar"],"_links":{"self":[{"href":"https:\/\/arte.vmribeiro.net\/index.php?rest_route=\/wp\/v2\/posts\/490","targetHints":{"allow":["GET"]}}],"collection":[{"href":"https:\/\/arte.vmribeiro.net\/index.php?rest_route=\/wp\/v2\/posts"}],"about":[{"href":"https:\/\/arte.vmribeiro.net\/index.php?rest_route=\/wp\/v2\/types\/post"}],"author":[{"embeddable":true,"href":"https:\/\/arte.vmribeiro.net\/index.php?rest_route=\/wp\/v2\/users\/1"}],"replies":[{"embeddable":true,"href":"https:\/\/arte.vmribeiro.net\/index.php?rest_route=%2Fwp%2Fv2%2Fcomments&post=490"}],"version-history":[{"count":3,"href":"https:\/\/arte.vmribeiro.net\/index.php?rest_route=\/wp\/v2\/posts\/490\/revisions"}],"predecessor-version":[{"id":494,"href":"https:\/\/arte.vmribeiro.net\/index.php?rest_route=\/wp\/v2\/posts\/490\/revisions\/494"}],"wp:attachment":[{"href":"https:\/\/arte.vmribeiro.net\/index.php?rest_route=%2Fwp%2Fv2%2Fmedia&parent=490"}],"wp:term":[{"taxonomy":"category","embeddable":true,"href":"https:\/\/arte.vmribeiro.net\/index.php?rest_route=%2Fwp%2Fv2%2Fcategories&post=490"},{"taxonomy":"post_tag","embeddable":true,"href":"https:\/\/arte.vmribeiro.net\/index.php?rest_route=%2Fwp%2Fv2%2Ftags&post=490"}],"curies":[{"name":"wp","href":"https:\/\/api.w.org\/{rel}","templated":true}]}}