{"id":496,"date":"2011-05-02T17:06:29","date_gmt":"2011-05-02T17:06:29","guid":{"rendered":"http:\/\/arte.vmribeiro.net\/?p=496"},"modified":"2011-05-02T17:06:29","modified_gmt":"2011-05-02T17:06:29","slug":"detalhe-do-portal-principal-do-convento-de-cristo","status":"publish","type":"post","link":"https:\/\/arte.vmribeiro.net\/?p=496","title":{"rendered":"Detalhe do portal principal do Convento de Cristo"},"content":{"rendered":"<figure id=\"attachment_497\" aria-describedby=\"caption-attachment-497\" style=\"width: 375px\" class=\"wp-caption aligncenter\"><a rel=\"attachment wp-att-497\" href=\"http:\/\/arte.vmribeiro.net\/?attachment_id=497\"><img loading=\"lazy\" decoding=\"async\" class=\"size-full wp-image-497\" title=\"Detalhe do portal principal do Convento de Cristo\" src=\"http:\/\/arte.vmribeiro.net\/wp-content\/uploads\/2011\/05\/221825269_62a751e643.jpg\" alt=\"TOMAR (Portugal): Detalhe do portal principal do Convento de Cristo.\" width=\"375\" height=\"500\" srcset=\"https:\/\/arte.vmribeiro.net\/wp-content\/uploads\/2011\/05\/221825269_62a751e643.jpg 375w, https:\/\/arte.vmribeiro.net\/wp-content\/uploads\/2011\/05\/221825269_62a751e643-225x300.jpg 225w\" sizes=\"auto, (max-width: 375px) 100vw, 375px\" \/><\/a><figcaption id=\"caption-attachment-497\" class=\"wp-caption-text\">TOMAR (Portugal): Detalhe do portal principal do Convento de Cristo.<\/figcaption><\/figure>\n<p>A entrada da igreja faz-se por um portal constitu\u00eddo por tr\u00eas  arquivoltas de arco pleno e inteiramente revestidas com motivos  manuelinos, renascentistas e platerescos, encimado por um corpo que  ostenta a representa\u00e7\u00e3o da esfera armilar e sobre esta uma est\u00e1tua da  Virgem, ladeada de outras esculturas. Este belo conjunto, data de cerca  de 1515 e \u00e9 obra de Jo\u00e3o de Castilho.<\/p>\n","protected":false},"excerpt":{"rendered":"<p>A entrada da igreja faz-se por um portal constitu\u00eddo por tr\u00eas arquivoltas de arco pleno e inteiramente revestidas com motivos manuelinos, renascentistas e platerescos, encimado por um corpo que ostenta a representa\u00e7\u00e3o da esfera armilar e sobre esta uma est\u00e1tua da Virgem, ladeada de outras esculturas. Este belo conjunto, data de cerca de 1515 e &hellip; <\/p>\n<p class=\"link-more\"><a href=\"https:\/\/arte.vmribeiro.net\/?p=496\" class=\"more-link\">Continue reading<span class=\"screen-reader-text\"> &#8220;Detalhe do portal principal do Convento de Cristo&#8221;<\/span><\/a><\/p>\n","protected":false},"author":1,"featured_media":0,"comment_status":"open","ping_status":"open","sticky":false,"template":"","format":"standard","meta":{"footnotes":""},"categories":[7,4,27],"tags":[158,26,155,32,164,13,153],"class_list":["post-496","post","type-post","status-publish","format-standard","hentry","category-arquitectura-arte-gotica","category-arte-gotica","category-manuelino-arquitectura-arte-gotica","tag-convento-de-cristo","tag-manuelino","tag-ordem-de-cristo","tag-portal","tag-portal-manuelino","tag-portugal","tag-tomar"],"_links":{"self":[{"href":"https:\/\/arte.vmribeiro.net\/index.php?rest_route=\/wp\/v2\/posts\/496","targetHints":{"allow":["GET"]}}],"collection":[{"href":"https:\/\/arte.vmribeiro.net\/index.php?rest_route=\/wp\/v2\/posts"}],"about":[{"href":"https:\/\/arte.vmribeiro.net\/index.php?rest_route=\/wp\/v2\/types\/post"}],"author":[{"embeddable":true,"href":"https:\/\/arte.vmribeiro.net\/index.php?rest_route=\/wp\/v2\/users\/1"}],"replies":[{"embeddable":true,"href":"https:\/\/arte.vmribeiro.net\/index.php?rest_route=%2Fwp%2Fv2%2Fcomments&post=496"}],"version-history":[{"count":3,"href":"https:\/\/arte.vmribeiro.net\/index.php?rest_route=\/wp\/v2\/posts\/496\/revisions"}],"predecessor-version":[{"id":500,"href":"https:\/\/arte.vmribeiro.net\/index.php?rest_route=\/wp\/v2\/posts\/496\/revisions\/500"}],"wp:attachment":[{"href":"https:\/\/arte.vmribeiro.net\/index.php?rest_route=%2Fwp%2Fv2%2Fmedia&parent=496"}],"wp:term":[{"taxonomy":"category","embeddable":true,"href":"https:\/\/arte.vmribeiro.net\/index.php?rest_route=%2Fwp%2Fv2%2Fcategories&post=496"},{"taxonomy":"post_tag","embeddable":true,"href":"https:\/\/arte.vmribeiro.net\/index.php?rest_route=%2Fwp%2Fv2%2Ftags&post=496"}],"curies":[{"name":"wp","href":"https:\/\/api.w.org\/{rel}","templated":true}]}}