{"id":501,"date":"2011-05-05T13:22:09","date_gmt":"2011-05-05T13:22:09","guid":{"rendered":"http:\/\/arte.vmribeiro.net\/?p=501"},"modified":"2011-05-05T13:22:09","modified_gmt":"2011-05-05T13:22:09","slug":"claustro-do-cemiterio-no-convento-de-cristo","status":"publish","type":"post","link":"https:\/\/arte.vmribeiro.net\/?p=501","title":{"rendered":"Claustro do Cemit\u00e9rio no Convento de Cristo"},"content":{"rendered":"<figure id=\"attachment_502\" aria-describedby=\"caption-attachment-502\" style=\"width: 347px\" class=\"wp-caption aligncenter\"><a rel=\"attachment wp-att-502\" href=\"http:\/\/arte.vmribeiro.net\/?attachment_id=502\"><img loading=\"lazy\" decoding=\"async\" class=\"size-full wp-image-502\" title=\"Claustro do Cemit\u00e9rio no Convento de Cristo\" src=\"http:\/\/arte.vmribeiro.net\/wp-content\/uploads\/2011\/05\/221828269_80853b8b1e.jpg\" alt=\"TOMAR (Portugal): Claustro do Cemit\u00e9rio no Convento de Cristo.\" width=\"347\" height=\"500\" srcset=\"https:\/\/arte.vmribeiro.net\/wp-content\/uploads\/2011\/05\/221828269_80853b8b1e.jpg 347w, https:\/\/arte.vmribeiro.net\/wp-content\/uploads\/2011\/05\/221828269_80853b8b1e-208x300.jpg 208w\" sizes=\"auto, (max-width: 347px) 100vw, 347px\" \/><\/a><figcaption id=\"caption-attachment-502\" class=\"wp-caption-text\">TOMAR (Portugal): Claustro do Cemit\u00e9rio no Convento de Cristo.<\/figcaption><\/figure>\n<p>Mandado construir pelo Infante D. Henrique, entre 1420 e 1460, \u00e9  caracterizado pelos 20 arcos em ogiva que apresenta. Tem a marca de  Fern\u00e3o Gon\u00e7alves que trabalhou igualmente no Mosteiro da Batalha. Os  capit\u00e9is dos arcos s\u00e3o todos decorados com motivos vegetalistas muito  semelhantes entre si, mas sem que haja uma repeti\u00e7\u00e3o do motivo.<\/p>\n<p>O nome do claustro vem do facto de aqui se dar sepultura aos freires da  Ordem de Cristo. Todo o ch\u00e3o est\u00e1 coberto de lajes sepulcrais. Esta  funcionalidade do claustro perdurou nos s\u00e9culos seguintes. Um po\u00e7o, no  meio de um arco, captava a \u00e1gua de uma pequena cisterna.<\/p>\n","protected":false},"excerpt":{"rendered":"<p>Mandado construir pelo Infante D. Henrique, entre 1420 e 1460, \u00e9 caracterizado pelos 20 arcos em ogiva que apresenta. Tem a marca de Fern\u00e3o Gon\u00e7alves que trabalhou igualmente no Mosteiro da Batalha. Os capit\u00e9is dos arcos s\u00e3o todos decorados com motivos vegetalistas muito semelhantes entre si, mas sem que haja uma repeti\u00e7\u00e3o do motivo. O &hellip; <\/p>\n<p class=\"link-more\"><a href=\"https:\/\/arte.vmribeiro.net\/?p=501\" class=\"more-link\">Continue reading<span class=\"screen-reader-text\"> &#8220;Claustro do Cemit\u00e9rio no Convento de Cristo&#8221;<\/span><\/a><\/p>\n","protected":false},"author":1,"featured_media":0,"comment_status":"open","ping_status":"open","sticky":false,"template":"","format":"standard","meta":{"footnotes":""},"categories":[7,4],"tags":[106,183,107,158],"class_list":["post-501","post","type-post","status-publish","format-standard","hentry","category-arquitectura-arte-gotica","category-arte-gotica","tag-claustro","tag-claustro-do-cemiterio","tag-claustro-gotico","tag-convento-de-cristo"],"_links":{"self":[{"href":"https:\/\/arte.vmribeiro.net\/index.php?rest_route=\/wp\/v2\/posts\/501","targetHints":{"allow":["GET"]}}],"collection":[{"href":"https:\/\/arte.vmribeiro.net\/index.php?rest_route=\/wp\/v2\/posts"}],"about":[{"href":"https:\/\/arte.vmribeiro.net\/index.php?rest_route=\/wp\/v2\/types\/post"}],"author":[{"embeddable":true,"href":"https:\/\/arte.vmribeiro.net\/index.php?rest_route=\/wp\/v2\/users\/1"}],"replies":[{"embeddable":true,"href":"https:\/\/arte.vmribeiro.net\/index.php?rest_route=%2Fwp%2Fv2%2Fcomments&post=501"}],"version-history":[{"count":2,"href":"https:\/\/arte.vmribeiro.net\/index.php?rest_route=\/wp\/v2\/posts\/501\/revisions"}],"predecessor-version":[{"id":504,"href":"https:\/\/arte.vmribeiro.net\/index.php?rest_route=\/wp\/v2\/posts\/501\/revisions\/504"}],"wp:attachment":[{"href":"https:\/\/arte.vmribeiro.net\/index.php?rest_route=%2Fwp%2Fv2%2Fmedia&parent=501"}],"wp:term":[{"taxonomy":"category","embeddable":true,"href":"https:\/\/arte.vmribeiro.net\/index.php?rest_route=%2Fwp%2Fv2%2Fcategories&post=501"},{"taxonomy":"post_tag","embeddable":true,"href":"https:\/\/arte.vmribeiro.net\/index.php?rest_route=%2Fwp%2Fv2%2Ftags&post=501"}],"curies":[{"name":"wp","href":"https:\/\/api.w.org\/{rel}","templated":true}]}}