{"id":505,"date":"2011-05-07T11:06:34","date_gmt":"2011-05-07T11:06:34","guid":{"rendered":"http:\/\/arte.vmribeiro.net\/?p=505"},"modified":"2011-05-07T11:08:12","modified_gmt":"2011-05-07T11:08:12","slug":"claustro-do-cemiterio-no-convento-de-cristo-2","status":"publish","type":"post","link":"https:\/\/arte.vmribeiro.net\/?p=505","title":{"rendered":"Claustro do Cemit\u00e9rio no Convento de Cristo #2"},"content":{"rendered":"<figure id=\"attachment_506\" aria-describedby=\"caption-attachment-506\" style=\"width: 500px\" class=\"wp-caption aligncenter\"><a rel=\"attachment wp-att-506\" href=\"http:\/\/arte.vmribeiro.net\/?attachment_id=506\"><img loading=\"lazy\" decoding=\"async\" class=\"size-full wp-image-506\" title=\"Claustro do Cemit\u00e9rio no Convento de Cristo #2\" src=\"http:\/\/arte.vmribeiro.net\/wp-content\/uploads\/2011\/05\/221828297_9fc1e7215f.jpg\" alt=\"TOMAR (Portugal): Claustro do Cemit\u00e9rio no Convento de Cristo.\" width=\"500\" height=\"380\" srcset=\"https:\/\/arte.vmribeiro.net\/wp-content\/uploads\/2011\/05\/221828297_9fc1e7215f.jpg 500w, https:\/\/arte.vmribeiro.net\/wp-content\/uploads\/2011\/05\/221828297_9fc1e7215f-300x228.jpg 300w\" sizes=\"auto, (max-width: 500px) 100vw, 500px\" \/><\/a><figcaption id=\"caption-attachment-506\" class=\"wp-caption-text\">TOMAR (Portugal): Claustro do Cemit\u00e9rio no Convento de Cristo.<\/figcaption><\/figure>\n<p>O Claustro do Cemit\u00e9rio \u00e9 quadrangular, com um piso com cinco tramos por  ala. \u00c9 caracterizado pelos 20 arcos em ogiva que apresenta. Tem a marca  de Fern\u00e3o Gon\u00e7alves que trabalhou igualmente no Mosteiro da Batalha. Os  capit\u00e9is dos arcos s\u00e3o todos decorados com motivos vegetalistas muito  semelhantes entre si, mas sem que haja uma repeti\u00e7\u00e3o do motivo.<\/p>\n","protected":false},"excerpt":{"rendered":"<p>O Claustro do Cemit\u00e9rio \u00e9 quadrangular, com um piso com cinco tramos por ala. \u00c9 caracterizado pelos 20 arcos em ogiva que apresenta. Tem a marca de Fern\u00e3o Gon\u00e7alves que trabalhou igualmente no Mosteiro da Batalha. Os capit\u00e9is dos arcos s\u00e3o todos decorados com motivos vegetalistas muito semelhantes entre si, mas sem que haja uma &hellip; <\/p>\n<p class=\"link-more\"><a href=\"https:\/\/arte.vmribeiro.net\/?p=505\" class=\"more-link\">Continue reading<span class=\"screen-reader-text\"> &#8220;Claustro do Cemit\u00e9rio no Convento de Cristo #2&#8221;<\/span><\/a><\/p>\n","protected":false},"author":1,"featured_media":0,"comment_status":"open","ping_status":"open","sticky":false,"template":"","format":"standard","meta":{"footnotes":""},"categories":[7,4],"tags":[106,183,158,13,153],"class_list":["post-505","post","type-post","status-publish","format-standard","hentry","category-arquitectura-arte-gotica","category-arte-gotica","tag-claustro","tag-claustro-do-cemiterio","tag-convento-de-cristo","tag-portugal","tag-tomar"],"_links":{"self":[{"href":"https:\/\/arte.vmribeiro.net\/index.php?rest_route=\/wp\/v2\/posts\/505","targetHints":{"allow":["GET"]}}],"collection":[{"href":"https:\/\/arte.vmribeiro.net\/index.php?rest_route=\/wp\/v2\/posts"}],"about":[{"href":"https:\/\/arte.vmribeiro.net\/index.php?rest_route=\/wp\/v2\/types\/post"}],"author":[{"embeddable":true,"href":"https:\/\/arte.vmribeiro.net\/index.php?rest_route=\/wp\/v2\/users\/1"}],"replies":[{"embeddable":true,"href":"https:\/\/arte.vmribeiro.net\/index.php?rest_route=%2Fwp%2Fv2%2Fcomments&post=505"}],"version-history":[{"count":5,"href":"https:\/\/arte.vmribeiro.net\/index.php?rest_route=\/wp\/v2\/posts\/505\/revisions"}],"predecessor-version":[{"id":509,"href":"https:\/\/arte.vmribeiro.net\/index.php?rest_route=\/wp\/v2\/posts\/505\/revisions\/509"}],"wp:attachment":[{"href":"https:\/\/arte.vmribeiro.net\/index.php?rest_route=%2Fwp%2Fv2%2Fmedia&parent=505"}],"wp:term":[{"taxonomy":"category","embeddable":true,"href":"https:\/\/arte.vmribeiro.net\/index.php?rest_route=%2Fwp%2Fv2%2Fcategories&post=505"},{"taxonomy":"post_tag","embeddable":true,"href":"https:\/\/arte.vmribeiro.net\/index.php?rest_route=%2Fwp%2Fv2%2Ftags&post=505"}],"curies":[{"name":"wp","href":"https:\/\/api.w.org\/{rel}","templated":true}]}}