{"id":667,"date":"2011-08-12T10:56:17","date_gmt":"2011-08-12T10:56:17","guid":{"rendered":"http:\/\/arte.vmribeiro.net\/?p=667"},"modified":"2011-08-12T10:56:17","modified_gmt":"2011-08-12T10:56:17","slug":"capela-de-santiago-catedral-de-toledo","status":"publish","type":"post","link":"https:\/\/arte.vmribeiro.net\/?p=667","title":{"rendered":"Capela de Santiago &#8211; Catedral de Toledo"},"content":{"rendered":"<figure id=\"attachment_668\" aria-describedby=\"caption-attachment-668\" style=\"width: 500px\" class=\"wp-caption aligncenter\"><a href=\"http:\/\/arte.vmribeiro.net\/?attachment_id=668\" rel=\"attachment wp-att-668\"><img loading=\"lazy\" decoding=\"async\" class=\"size-full wp-image-668\" title=\"Capela de Santiago - Catedral de Toledo\" src=\"http:\/\/arte.vmribeiro.net\/wp-content\/uploads\/2011\/08\/289349077_37c6e0faac.jpg\" alt=\"TOLEDO (Espanha): Capela de Santiago, na Catedral.\" width=\"500\" height=\"369\" srcset=\"https:\/\/arte.vmribeiro.net\/wp-content\/uploads\/2011\/08\/289349077_37c6e0faac.jpg 500w, https:\/\/arte.vmribeiro.net\/wp-content\/uploads\/2011\/08\/289349077_37c6e0faac-300x221.jpg 300w\" sizes=\"auto, (max-width: 500px) 100vw, 500px\" \/><\/a><figcaption id=\"caption-attachment-668\" class=\"wp-caption-text\">TOLEDO (Espanha): Capela de Santiago, na Catedral.<\/figcaption><\/figure>\n<p>\u00c9 a maior e talvez mais importante capela da catedral. Foi fundada por D. \u00c1lvaro de Luna (1390-1453), Condest\u00e1vel de Castela, como pante\u00e3o familiar.<br \/>\nA capela \u00e9 em estilo g\u00f3tico flamejante, obra de Hanequin de Bruxelas. No centro, os t\u00famulos de D. Alvaro de Luna (que morreu decapitado em Valladolid), rodeado de cavaleiros da ordem de Santiago, e o de sua esposa, rodeado de frades franciscanos. O ret\u00e1bulo central \u00e9 do s\u00e9culo XV, obra de Sancho de Zamora. A escultura de Santiago \u00e9 de Juan de Segovia. Lateralmente temos os t\u00famulos de filhos e outras personagens ligadas \u00e0 fam\u00edlia.<\/p>\n","protected":false},"excerpt":{"rendered":"<p>\u00c9 a maior e talvez mais importante capela da catedral. Foi fundada por D. \u00c1lvaro de Luna (1390-1453), Condest\u00e1vel de Castela, como pante\u00e3o familiar. A capela \u00e9 em estilo g\u00f3tico flamejante, obra de Hanequin de Bruxelas. No centro, os t\u00famulos de D. Alvaro de Luna (que morreu decapitado em Valladolid), rodeado de cavaleiros da ordem &hellip; <\/p>\n<p class=\"link-more\"><a href=\"https:\/\/arte.vmribeiro.net\/?p=667\" class=\"more-link\">Continue reading<span class=\"screen-reader-text\"> &#8220;Capela de Santiago &#8211; Catedral de Toledo&#8221;<\/span><\/a><\/p>\n","protected":false},"author":1,"featured_media":0,"comment_status":"open","ping_status":"open","sticky":false,"template":"","format":"standard","meta":{"footnotes":""},"categories":[7,4,8],"tags":[215,210,197,216],"class_list":["post-667","post","type-post","status-publish","format-standard","hentry","category-arquitectura-arte-gotica","category-arte-gotica","category-escultura-arte-gotica","tag-capela-de-santiago","tag-catedral-de-toledo","tag-toledo","tag-tumulos"],"_links":{"self":[{"href":"https:\/\/arte.vmribeiro.net\/index.php?rest_route=\/wp\/v2\/posts\/667","targetHints":{"allow":["GET"]}}],"collection":[{"href":"https:\/\/arte.vmribeiro.net\/index.php?rest_route=\/wp\/v2\/posts"}],"about":[{"href":"https:\/\/arte.vmribeiro.net\/index.php?rest_route=\/wp\/v2\/types\/post"}],"author":[{"embeddable":true,"href":"https:\/\/arte.vmribeiro.net\/index.php?rest_route=\/wp\/v2\/users\/1"}],"replies":[{"embeddable":true,"href":"https:\/\/arte.vmribeiro.net\/index.php?rest_route=%2Fwp%2Fv2%2Fcomments&post=667"}],"version-history":[{"count":2,"href":"https:\/\/arte.vmribeiro.net\/index.php?rest_route=\/wp\/v2\/posts\/667\/revisions"}],"predecessor-version":[{"id":670,"href":"https:\/\/arte.vmribeiro.net\/index.php?rest_route=\/wp\/v2\/posts\/667\/revisions\/670"}],"wp:attachment":[{"href":"https:\/\/arte.vmribeiro.net\/index.php?rest_route=%2Fwp%2Fv2%2Fmedia&parent=667"}],"wp:term":[{"taxonomy":"category","embeddable":true,"href":"https:\/\/arte.vmribeiro.net\/index.php?rest_route=%2Fwp%2Fv2%2Fcategories&post=667"},{"taxonomy":"post_tag","embeddable":true,"href":"https:\/\/arte.vmribeiro.net\/index.php?rest_route=%2Fwp%2Fv2%2Ftags&post=667"}],"curies":[{"name":"wp","href":"https:\/\/api.w.org\/{rel}","templated":true}]}}