{"id":758,"date":"2011-11-04T11:09:54","date_gmt":"2011-11-04T11:09:54","guid":{"rendered":"http:\/\/arte.vmribeiro.net\/?p=758"},"modified":"2011-11-04T11:09:54","modified_gmt":"2011-11-04T11:09:54","slug":"vista-noturna-da-catedral-nova-de-salamanca","status":"publish","type":"post","link":"https:\/\/arte.vmribeiro.net\/?p=758","title":{"rendered":"Vista noturna da Catedral &#8220;Nova&#8221; de Salamanca"},"content":{"rendered":"<figure id=\"attachment_759\" aria-describedby=\"caption-attachment-759\" style=\"width: 500px\" class=\"wp-caption aligncenter\"><a href=\"http:\/\/arte.vmribeiro.net\/?attachment_id=759\" rel=\"attachment wp-att-759\"><img loading=\"lazy\" decoding=\"async\" class=\"size-full wp-image-759\" title=\"Vista noturna da Catedral &quot;Nova&quot; de Salamanca\" src=\"http:\/\/arte.vmribeiro.net\/wp-content\/uploads\/2011\/11\/303621286_9f2fe3583b.jpg\" alt=\"SALAMANCA (Espanha): Vista noturna da Catedral &quot;Nova&quot;.\" width=\"500\" height=\"386\" srcset=\"https:\/\/arte.vmribeiro.net\/wp-content\/uploads\/2011\/11\/303621286_9f2fe3583b.jpg 500w, https:\/\/arte.vmribeiro.net\/wp-content\/uploads\/2011\/11\/303621286_9f2fe3583b-300x231.jpg 300w\" sizes=\"auto, (max-width: 500px) 100vw, 500px\" \/><\/a><figcaption id=\"caption-attachment-759\" class=\"wp-caption-text\">SALAMANCA (Espanha): Vista noturna da Catedral &quot;Nova&quot;.<\/figcaption><\/figure>\n<p>Iniciou-se a constru\u00e7\u00e3o da Catedral Nova, adossada \u00e0 Velha, em 1513 e s\u00f3 foi inaugurada em 1733. Assim, a sua constru\u00e7\u00e3o iniciou-se em estilo g\u00f3tico e apesar de manter alguma unidade estil\u00edstica sofreu influ\u00eancias de outros estilos como o renascentista e barroco.<br \/>\nEsta catedral \u00e9, conjuntamente com a de Seg\u00f3via, uma das \u00faltimas catedrais em estilo g\u00f3tico que se constru\u00edram em Espanha.<br \/>\nA planta mant\u00e9m uma uniformidade g\u00f3tica como se pode ver na presen\u00e7a exterior de arcobotantes e contrafortes e, no interior, o al\u00e7ado das naves.<\/p>\n","protected":false},"excerpt":{"rendered":"<p>Iniciou-se a constru\u00e7\u00e3o da Catedral Nova, adossada \u00e0 Velha, em 1513 e s\u00f3 foi inaugurada em 1733. Assim, a sua constru\u00e7\u00e3o iniciou-se em estilo g\u00f3tico e apesar de manter alguma unidade estil\u00edstica sofreu influ\u00eancias de outros estilos como o renascentista e barroco. Esta catedral \u00e9, conjuntamente com a de Seg\u00f3via, uma das \u00faltimas catedrais em &hellip; <\/p>\n<p class=\"link-more\"><a href=\"https:\/\/arte.vmribeiro.net\/?p=758\" class=\"more-link\">Continue reading<span class=\"screen-reader-text\"> &#8220;Vista noturna da Catedral &#8220;Nova&#8221; de Salamanca&#8221;<\/span><\/a><\/p>\n","protected":false},"author":1,"featured_media":0,"comment_status":"open","ping_status":"open","sticky":false,"template":"","format":"standard","meta":{"footnotes":""},"categories":[7,4],"tags":[149,229,15,80],"class_list":["post-758","post","type-post","status-publish","format-standard","hentry","category-arquitectura-arte-gotica","category-arte-gotica","tag-catedral-de-salamanca","tag-catedral-nova","tag-espanha","tag-salamanca"],"_links":{"self":[{"href":"https:\/\/arte.vmribeiro.net\/index.php?rest_route=\/wp\/v2\/posts\/758","targetHints":{"allow":["GET"]}}],"collection":[{"href":"https:\/\/arte.vmribeiro.net\/index.php?rest_route=\/wp\/v2\/posts"}],"about":[{"href":"https:\/\/arte.vmribeiro.net\/index.php?rest_route=\/wp\/v2\/types\/post"}],"author":[{"embeddable":true,"href":"https:\/\/arte.vmribeiro.net\/index.php?rest_route=\/wp\/v2\/users\/1"}],"replies":[{"embeddable":true,"href":"https:\/\/arte.vmribeiro.net\/index.php?rest_route=%2Fwp%2Fv2%2Fcomments&post=758"}],"version-history":[{"count":3,"href":"https:\/\/arte.vmribeiro.net\/index.php?rest_route=\/wp\/v2\/posts\/758\/revisions"}],"predecessor-version":[{"id":762,"href":"https:\/\/arte.vmribeiro.net\/index.php?rest_route=\/wp\/v2\/posts\/758\/revisions\/762"}],"wp:attachment":[{"href":"https:\/\/arte.vmribeiro.net\/index.php?rest_route=%2Fwp%2Fv2%2Fmedia&parent=758"}],"wp:term":[{"taxonomy":"category","embeddable":true,"href":"https:\/\/arte.vmribeiro.net\/index.php?rest_route=%2Fwp%2Fv2%2Fcategories&post=758"},{"taxonomy":"post_tag","embeddable":true,"href":"https:\/\/arte.vmribeiro.net\/index.php?rest_route=%2Fwp%2Fv2%2Ftags&post=758"}],"curies":[{"name":"wp","href":"https:\/\/api.w.org\/{rel}","templated":true}]}}