{"id":785,"date":"2012-02-10T11:36:15","date_gmt":"2012-02-10T11:36:15","guid":{"rendered":"http:\/\/arte.vmribeiro.net\/?p=785"},"modified":"2012-02-10T11:36:15","modified_gmt":"2012-02-10T11:36:15","slug":"igreja-matriz-de-ponte-de-lima","status":"publish","type":"post","link":"https:\/\/arte.vmribeiro.net\/?p=785","title":{"rendered":"Igreja Matriz de Ponte de Lima"},"content":{"rendered":"<figure id=\"attachment_786\" aria-describedby=\"caption-attachment-786\" style=\"width: 379px\" class=\"wp-caption aligncenter\"><a href=\"http:\/\/arte.vmribeiro.net\/?attachment_id=786\" rel=\"attachment wp-att-786\"><img loading=\"lazy\" decoding=\"async\" class=\"size-full wp-image-786\" title=\"Igreja Matriz de Ponte de Lima\" src=\"http:\/\/arte.vmribeiro.net\/wp-content\/uploads\/2012\/02\/391127388_85d677a779.jpg\" alt=\"PONTE DE LIMA (Portugal): Igreja Matriz.\" width=\"379\" height=\"500\" srcset=\"https:\/\/arte.vmribeiro.net\/wp-content\/uploads\/2012\/02\/391127388_85d677a779.jpg 379w, https:\/\/arte.vmribeiro.net\/wp-content\/uploads\/2012\/02\/391127388_85d677a779-227x300.jpg 227w\" sizes=\"auto, (max-width: 379px) 100vw, 379px\" \/><\/a><figcaption id=\"caption-attachment-786\" class=\"wp-caption-text\">PONTE DE LIMA (Portugal): Igreja Matriz.<\/figcaption><\/figure>\n<p>Antes do atual edif\u00edcio paroquial de Ponte Lima, outro existiu, de prov\u00e1veis ra\u00edzes rom\u00e2nicas (edificado pelos s\u00e9culos XII-XIII) e de estrutura modesta, com apenas uma nave, a que Carlos Alberto Ferreira de Almeida atribuiu o registo inferior da fachada principal, incluindo o portal (ALMEIDA, 1978, vol. 2, p.253 e 1987, p.102). \u00c9 um facto que existem grandes diferen\u00e7as est\u00e9ticas entre os elementos que comp\u00f5em a fachada principal, mas n\u00e3o estamos ainda em condi\u00e7\u00f5es de atribuir o portal a essa \u00e9poca t\u00e3o recuada, para mais sabendo-se como o G\u00f3tico foi destitu\u00eddo de rasgos monumentais no Norte do pa\u00eds, fazendo da sobriedade e do arca\u00edsmo estil\u00edstico um valor art\u00edstico de primeira import\u00e2ncia.<br \/>\nA igreja que hoje conhecemos data de meados do s\u00e9culo XV. Em 1444, nas Cortes de \u00c9vora, os procuradores de Ponte de Lima declararam que a Igreia uelha era tam pequena Em que nom podiamos caber (ANDRADE, 1990, p.59, nota 67). O facto de, aqui, se utilizar uma forma verbal do passado, faz supor que a constru\u00e7\u00e3o do novo templo se havia j\u00e1 iniciado. Os recursos financeiros foram proporcionados por D. Jo\u00e3o I e pelo regente D. Pedro e a empreitada prolongou-se at\u00e9 \u00e0 d\u00e9cada de 50.<br \/>\nDesconhecemos ainda como teria sido o projeto quatrocentista do conjunto, uma vez que foram muitos os acrescentos posteriores verificados. Uma interpreta\u00e7\u00e3o veiculada nos anos 70 do s\u00e9culo XX d\u00e1 conta da possibilidade de ter existido uma reformula\u00e7\u00e3o do projeto, sensivelmente um s\u00e9culo depois de conclu\u00eddo. Segundo essa perspetiva, a campanha quatrocentista havia edificado uma igreja de nave \u00fanica &#8211; a que corresponde o portal -, e s\u00f3 a partir de meados do s\u00e9culo XVI se deu corpo \u00e0 estrutura tripartida que ainda hoje existe (Invent\u00e1rio, 1974, p.2).<br \/>\nFosse como fosse, o certo \u00e9 que a renovada Matriz de Ponte de Lima ocupa um lugar relativamente marginal na evolu\u00e7\u00e3o do estilo G\u00f3tico em Portugal. O portal \u00e9 de quatro arquivoltas reentrantes, uma delas decorada com semiesferas (um motivo que pode bem corresponder ao s\u00e9culo XV). Os capit\u00e9is, por seu turno, s\u00e3o maioritariamente vegetalistas, de folhagem muito presa ao campo escult\u00f3rico e elementos tratados sumariamente. A ros\u00e1cea radiante \u00e9, como se ver\u00e1, um produto do restauro.<\/p>\n<p><strong>info:<\/strong> <a href=\"http:\/\/www.igespar.pt\/pt\/patrimonio\/pesquisa\/geral\/patrimonioimovel\/detail\/7194312\/\">www.igespar.pt\/<\/a><\/p>\n","protected":false},"excerpt":{"rendered":"<p>Antes do atual edif\u00edcio paroquial de Ponte Lima, outro existiu, de prov\u00e1veis ra\u00edzes rom\u00e2nicas (edificado pelos s\u00e9culos XII-XIII) e de estrutura modesta, com apenas uma nave, a que Carlos Alberto Ferreira de Almeida atribuiu o registo inferior da fachada principal, incluindo o portal (ALMEIDA, 1978, vol. 2, p.253 e 1987, p.102). \u00c9 um facto que &hellip; <\/p>\n<p class=\"link-more\"><a href=\"https:\/\/arte.vmribeiro.net\/?p=785\" class=\"more-link\">Continue reading<span class=\"screen-reader-text\"> &#8220;Igreja Matriz de Ponte de Lima&#8221;<\/span><\/a><\/p>\n","protected":false},"author":1,"featured_media":0,"comment_status":"open","ping_status":"open","sticky":false,"template":"","format":"standard","meta":{"footnotes":""},"categories":[7,4],"tags":[76,40,235,234,13],"class_list":["post-785","post","type-post","status-publish","format-standard","hentry","category-arquitectura-arte-gotica","category-arte-gotica","tag-igreja","tag-igreja-matriz","tag-matriz","tag-ponte-lima","tag-portugal"],"_links":{"self":[{"href":"https:\/\/arte.vmribeiro.net\/index.php?rest_route=\/wp\/v2\/posts\/785","targetHints":{"allow":["GET"]}}],"collection":[{"href":"https:\/\/arte.vmribeiro.net\/index.php?rest_route=\/wp\/v2\/posts"}],"about":[{"href":"https:\/\/arte.vmribeiro.net\/index.php?rest_route=\/wp\/v2\/types\/post"}],"author":[{"embeddable":true,"href":"https:\/\/arte.vmribeiro.net\/index.php?rest_route=\/wp\/v2\/users\/1"}],"replies":[{"embeddable":true,"href":"https:\/\/arte.vmribeiro.net\/index.php?rest_route=%2Fwp%2Fv2%2Fcomments&post=785"}],"version-history":[{"count":2,"href":"https:\/\/arte.vmribeiro.net\/index.php?rest_route=\/wp\/v2\/posts\/785\/revisions"}],"predecessor-version":[{"id":788,"href":"https:\/\/arte.vmribeiro.net\/index.php?rest_route=\/wp\/v2\/posts\/785\/revisions\/788"}],"wp:attachment":[{"href":"https:\/\/arte.vmribeiro.net\/index.php?rest_route=%2Fwp%2Fv2%2Fmedia&parent=785"}],"wp:term":[{"taxonomy":"category","embeddable":true,"href":"https:\/\/arte.vmribeiro.net\/index.php?rest_route=%2Fwp%2Fv2%2Fcategories&post=785"},{"taxonomy":"post_tag","embeddable":true,"href":"https:\/\/arte.vmribeiro.net\/index.php?rest_route=%2Fwp%2Fv2%2Ftags&post=785"}],"curies":[{"name":"wp","href":"https:\/\/api.w.org\/{rel}","templated":true}]}}