{"id":790,"date":"2012-03-18T18:53:12","date_gmt":"2012-03-18T18:53:12","guid":{"rendered":"http:\/\/arte.vmribeiro.net\/?p=790"},"modified":"2012-03-18T18:55:09","modified_gmt":"2012-03-18T18:55:09","slug":"790","status":"publish","type":"post","link":"https:\/\/arte.vmribeiro.net\/?p=790","title":{"rendered":"Castelo de Guimar\u00e3es"},"content":{"rendered":"<figure id=\"attachment_791\" aria-describedby=\"caption-attachment-791\" style=\"width: 500px\" class=\"wp-caption aligncenter\"><a href=\"http:\/\/arte.vmribeiro.net\/?attachment_id=791\" rel=\"attachment wp-att-791\"><img loading=\"lazy\" decoding=\"async\" class=\"size-full wp-image-791\" title=\"Castelo de Guimar\u00e3es\" src=\"http:\/\/arte.vmribeiro.net\/wp-content\/uploads\/2012\/03\/438598402_1df2355268.jpg\" alt=\"GUIMAR\u00c3ES (Portugal): Castelo de Guimar\u00e3es\" width=\"500\" height=\"373\" srcset=\"https:\/\/arte.vmribeiro.net\/wp-content\/uploads\/2012\/03\/438598402_1df2355268.jpg 500w, https:\/\/arte.vmribeiro.net\/wp-content\/uploads\/2012\/03\/438598402_1df2355268-300x223.jpg 300w\" sizes=\"auto, (max-width: 500px) 100vw, 500px\" \/><\/a><figcaption id=\"caption-attachment-791\" class=\"wp-caption-text\">GUIMAR\u00c3ES (Portugal): Castelo de Guimar\u00e3es<\/figcaption><\/figure>\n<p>A constru\u00e7\u00e3o primitiva, possivelmente em terra e madeira, foi edificada entre 959 e 968, pela condessa Mumadona vi\u00fava do conde Hermenegildo Mendes, para proteger o seu mosteiro e a povoa\u00e7\u00e3o local das invas\u00f5es normandas. Mais tarde, o conde D. Henrique remodelou o castelo, em cuja alc\u00e1\u00e7ova ter\u00e1 nascido D. Afonso Henriques, 1\u00ba rei de Portugal.<br \/>\nDa hist\u00f3ria deste castelo fazem parte v\u00e1rios cercos, como o efectuado pelos castelhanos no reinado de D. Fernando I, suportado vitoriosamente pelos sitiados, e durante a crise de 1385, em que demorou a rendi\u00e7\u00e3o desta pra\u00e7a a D. Jo\u00e3o I.<br \/>\nO castelo \u00e9 constitu\u00eddo pela imponente Torre de Menagem, que atinge 27 metros de altura, constru\u00edda no tempo do primeiro monarca, e por oito torres quadrangulares que no seu conjunto rodeiam aquela torre, protegem os panos de muralha e flanqueiam as entradas. A muralha ameada apresenta uma planta aproximadamente pentagonal. Parte destas obras dever\u00e3o ser do tempo de D. Fernando.<\/p>\n<p>Fonte: <a href=\"http:\/\/www.e-cultura.pt\/WebPatriPatrimonioNArqui.aspx?IDPatrimonio=5401\" target=\"_blank\">http:\/\/www.e-cultura.pt\/<\/a><\/p>\n","protected":false},"excerpt":{"rendered":"<p>A constru\u00e7\u00e3o primitiva, possivelmente em terra e madeira, foi edificada entre 959 e 968, pela condessa Mumadona vi\u00fava do conde Hermenegildo Mendes, para proteger o seu mosteiro e a povoa\u00e7\u00e3o local das invas\u00f5es normandas. Mais tarde, o conde D. Henrique remodelou o castelo, em cuja alc\u00e1\u00e7ova ter\u00e1 nascido D. Afonso Henriques, 1\u00ba rei de Portugal. &hellip; <\/p>\n<p class=\"link-more\"><a href=\"https:\/\/arte.vmribeiro.net\/?p=790\" class=\"more-link\">Continue reading<span class=\"screen-reader-text\"> &#8220;Castelo de Guimar\u00e3es&#8221;<\/span><\/a><\/p>\n","protected":false},"author":1,"featured_media":0,"comment_status":"open","ping_status":"open","sticky":false,"template":"","format":"standard","meta":{"footnotes":""},"categories":[5,3],"tags":[47,237,236,12,13],"class_list":["post-790","post","type-post","status-publish","format-standard","hentry","category-arquitectura","category-arte-romanica","tag-castelo","tag-castelo-de-guimaraes","tag-castle","tag-guimaraes","tag-portugal"],"_links":{"self":[{"href":"https:\/\/arte.vmribeiro.net\/index.php?rest_route=\/wp\/v2\/posts\/790","targetHints":{"allow":["GET"]}}],"collection":[{"href":"https:\/\/arte.vmribeiro.net\/index.php?rest_route=\/wp\/v2\/posts"}],"about":[{"href":"https:\/\/arte.vmribeiro.net\/index.php?rest_route=\/wp\/v2\/types\/post"}],"author":[{"embeddable":true,"href":"https:\/\/arte.vmribeiro.net\/index.php?rest_route=\/wp\/v2\/users\/1"}],"replies":[{"embeddable":true,"href":"https:\/\/arte.vmribeiro.net\/index.php?rest_route=%2Fwp%2Fv2%2Fcomments&post=790"}],"version-history":[{"count":7,"href":"https:\/\/arte.vmribeiro.net\/index.php?rest_route=\/wp\/v2\/posts\/790\/revisions"}],"predecessor-version":[{"id":796,"href":"https:\/\/arte.vmribeiro.net\/index.php?rest_route=\/wp\/v2\/posts\/790\/revisions\/796"}],"wp:attachment":[{"href":"https:\/\/arte.vmribeiro.net\/index.php?rest_route=%2Fwp%2Fv2%2Fmedia&parent=790"}],"wp:term":[{"taxonomy":"category","embeddable":true,"href":"https:\/\/arte.vmribeiro.net\/index.php?rest_route=%2Fwp%2Fv2%2Fcategories&post=790"},{"taxonomy":"post_tag","embeddable":true,"href":"https:\/\/arte.vmribeiro.net\/index.php?rest_route=%2Fwp%2Fv2%2Ftags&post=790"}],"curies":[{"name":"wp","href":"https:\/\/api.w.org\/{rel}","templated":true}]}}