{"id":831,"date":"2012-11-01T13:16:27","date_gmt":"2012-11-01T13:16:27","guid":{"rendered":"http:\/\/arte.vmribeiro.net\/?p=831"},"modified":"2012-11-01T13:16:27","modified_gmt":"2012-11-01T13:16:27","slug":"igreja-do-salvador-matriz-de-paco-de-sousa","status":"publish","type":"post","link":"https:\/\/arte.vmribeiro.net\/?p=831","title":{"rendered":"Igreja do Salvador, matriz de Pa\u00e7o de Sousa"},"content":{"rendered":"<figure id=\"attachment_832\" aria-describedby=\"caption-attachment-832\" style=\"width: 500px\" class=\"wp-caption aligncenter\"><a href=\"http:\/\/arte.vmribeiro.net\/?attachment_id=832\" rel=\"attachment wp-att-832\"><img loading=\"lazy\" decoding=\"async\" class=\"size-full wp-image-832\" title=\"Igreja do Salvador, matriz de Pa\u00e7o de Sousa. \" src=\"http:\/\/arte.vmribeiro.net\/wp-content\/uploads\/2012\/11\/1385487733_7338aaec68.jpg\" alt=\"PENAFIEL (Portugal): Igreja do Salvador, matriz de Pa\u00e7o de Sousa. \" width=\"500\" height=\"379\" srcset=\"https:\/\/arte.vmribeiro.net\/wp-content\/uploads\/2012\/11\/1385487733_7338aaec68.jpg 500w, https:\/\/arte.vmribeiro.net\/wp-content\/uploads\/2012\/11\/1385487733_7338aaec68-300x227.jpg 300w\" sizes=\"auto, (max-width: 500px) 100vw, 500px\" \/><\/a><figcaption id=\"caption-attachment-832\" class=\"wp-caption-text\">PENAFIEL (Portugal): Igreja do Salvador, matriz de Pa\u00e7o de Sousa.<\/figcaption><\/figure>\n<p>O principal mosteiro medieval da bacia do rio Sousa possui uma hist\u00f3ria rica, que tem o seu in\u00edcio muito antes da constru\u00e7\u00e3o do edif\u00edcio que, na atualidade, subsiste. Em 956, uma primeira comunidade familiar foi aqui fundada por D. Tructesindo Galindiz e sua mulher, Animia, sobre os restos do que se pensa ter sido uma uilla romana, mas de que n\u00e3o se detetaram ainda vest\u00edgios materiais. Sensivelmente um s\u00e9culo depois, o cen\u00f3bio foi objecto de grandes reformas, no contexto proto-rom\u00e2nico que caracteriza as d\u00e9cadas finais do s\u00e9culo XI na diocese de Braga. Em 1088, com a presen\u00e7a solene do bispo D. Pedro, o novo templo foi sagrado.<br \/>\nAs d\u00favidas acerca da cronologia exata a atribuir \u00e0s diferentes partes do conjunto iniciam-se com essa sagra\u00e7\u00e3o. Sabemos que, nos in\u00edcios do s\u00e9culo XII, o mosteiro estava j\u00e1 na posse dos Beneditinos que, com certeza, patrocinaram a constru\u00e7\u00e3o do atual edif\u00edcio, mas a data exata desta vasta campanha e, sobretudo, o ritmo das obras n\u00e3o est\u00e3o, ainda, suficientemente esclarecidos. De acordo com RODRIGUES, 1995, p.244, as obras n\u00e3o se ter\u00e3o iniciado antes de 1166, e prolongaram-se extraordinariamente, avan\u00e7ando lentamente sobre todo o s\u00e9culo XIII e entrando, mesmo, no XIV (ALMEIDA, 1986, p.90).<\/p>\n<figure id=\"attachment_833\" aria-describedby=\"caption-attachment-833\" style=\"width: 500px\" class=\"wp-caption aligncenter\"><a href=\"http:\/\/arte.vmribeiro.net\/?attachment_id=833\" rel=\"attachment wp-att-833\"><img loading=\"lazy\" decoding=\"async\" class=\"size-full wp-image-833\" title=\"Igreja do Salvador, matriz de Pa\u00e7o de Sousa. \" src=\"http:\/\/arte.vmribeiro.net\/wp-content\/uploads\/2012\/11\/1395889848_d8e02a165d.jpg\" alt=\"PENAFIEL (Portugal): Igreja do Salvador, matriz de Pa\u00e7o de Sousa. \" width=\"500\" height=\"379\" srcset=\"https:\/\/arte.vmribeiro.net\/wp-content\/uploads\/2012\/11\/1395889848_d8e02a165d.jpg 500w, https:\/\/arte.vmribeiro.net\/wp-content\/uploads\/2012\/11\/1395889848_d8e02a165d-300x227.jpg 300w\" sizes=\"auto, (max-width: 500px) 100vw, 500px\" \/><\/a><figcaption id=\"caption-attachment-833\" class=\"wp-caption-text\">PENAFIEL (Portugal): Igreja do Salvador, matriz de Pa\u00e7o de Sousa.<\/figcaption><\/figure>\n<p>O conjunto sofreu altera\u00e7\u00f5es nos s\u00e9culos XI e XIII, com a amplia\u00e7\u00e3o da Igreja, e posteriormente nos s\u00e9culos XVIII e XX.<br \/>\nNa fachada da Igreja apresenta-se o belo portal g\u00f3tico com cinco arquivoltas e uma c\u00e9lebre ros\u00e1cea.<br \/>\n\u00c0 esquerda da imagem pode ver-se a torre sineira adjacente constru\u00edda durante as obras de restauro no s\u00e9culo XX.<\/p>\n<p><strong>info:<\/strong> <a href=\"http:\/\/www.ippar.pt\/\">www.ippar.pt\/<\/a>;<\/p>\n<p><a href=\"http:\/\/www.guiadacidade.pt\/pt\/poi-mosteiro-do-salvador-de-paco-de-sousa-17614\">www.guiadacidade.pt\/<\/a><\/p>\n","protected":false},"excerpt":{"rendered":"<p>O principal mosteiro medieval da bacia do rio Sousa possui uma hist\u00f3ria rica, que tem o seu in\u00edcio muito antes da constru\u00e7\u00e3o do edif\u00edcio que, na atualidade, subsiste. Em 956, uma primeira comunidade familiar foi aqui fundada por D. Tructesindo Galindiz e sua mulher, Animia, sobre os restos do que se pensa ter sido uma &hellip; <\/p>\n<p class=\"link-more\"><a href=\"https:\/\/arte.vmribeiro.net\/?p=831\" class=\"more-link\">Continue reading<span class=\"screen-reader-text\"> &#8220;Igreja do Salvador, matriz de Pa\u00e7o de Sousa&#8221;<\/span><\/a><\/p>\n","protected":false},"author":1,"featured_media":0,"comment_status":"open","ping_status":"open","sticky":false,"template":"","format":"standard","meta":{"footnotes":""},"categories":[5,3],"tags":[226,251,252,13,96],"class_list":["post-831","post","type-post","status-publish","format-standard","hentry","category-arquitectura","category-arte-romanica","tag-igreja-do-salvador","tag-matriz-de-paco-de-sousa","tag-penafiel","tag-portugal","tag-romanico"],"_links":{"self":[{"href":"https:\/\/arte.vmribeiro.net\/index.php?rest_route=\/wp\/v2\/posts\/831","targetHints":{"allow":["GET"]}}],"collection":[{"href":"https:\/\/arte.vmribeiro.net\/index.php?rest_route=\/wp\/v2\/posts"}],"about":[{"href":"https:\/\/arte.vmribeiro.net\/index.php?rest_route=\/wp\/v2\/types\/post"}],"author":[{"embeddable":true,"href":"https:\/\/arte.vmribeiro.net\/index.php?rest_route=\/wp\/v2\/users\/1"}],"replies":[{"embeddable":true,"href":"https:\/\/arte.vmribeiro.net\/index.php?rest_route=%2Fwp%2Fv2%2Fcomments&post=831"}],"version-history":[{"count":1,"href":"https:\/\/arte.vmribeiro.net\/index.php?rest_route=\/wp\/v2\/posts\/831\/revisions"}],"predecessor-version":[{"id":834,"href":"https:\/\/arte.vmribeiro.net\/index.php?rest_route=\/wp\/v2\/posts\/831\/revisions\/834"}],"wp:attachment":[{"href":"https:\/\/arte.vmribeiro.net\/index.php?rest_route=%2Fwp%2Fv2%2Fmedia&parent=831"}],"wp:term":[{"taxonomy":"category","embeddable":true,"href":"https:\/\/arte.vmribeiro.net\/index.php?rest_route=%2Fwp%2Fv2%2Fcategories&post=831"},{"taxonomy":"post_tag","embeddable":true,"href":"https:\/\/arte.vmribeiro.net\/index.php?rest_route=%2Fwp%2Fv2%2Ftags&post=831"}],"curies":[{"name":"wp","href":"https:\/\/api.w.org\/{rel}","templated":true}]}}