{"id":836,"date":"2012-12-21T18:14:51","date_gmt":"2012-12-21T18:14:51","guid":{"rendered":"http:\/\/arte.vmribeiro.net\/?p=836"},"modified":"2012-12-21T18:14:51","modified_gmt":"2012-12-21T18:14:51","slug":"portal-principal-da-igreja-do-salvador","status":"publish","type":"post","link":"https:\/\/arte.vmribeiro.net\/?p=836","title":{"rendered":"Portal principal da Igreja do Salvador"},"content":{"rendered":"<figure id=\"attachment_837\" aria-describedby=\"caption-attachment-837\" style=\"width: 500px\" class=\"wp-caption aligncenter\"><a href=\"http:\/\/arte.vmribeiro.net\/?attachment_id=837\" rel=\"attachment wp-att-837\"><img loading=\"lazy\" decoding=\"async\" class=\"size-full wp-image-837\" alt=\"PENAFIEL (Portugal): Igreja do Salvador, matriz de Pa\u00e7o de Sousa.\" src=\"http:\/\/arte.vmribeiro.net\/wp-content\/uploads\/2012\/12\/1390667166_d1641ab0f6.jpg\" width=\"500\" height=\"379\" srcset=\"https:\/\/arte.vmribeiro.net\/wp-content\/uploads\/2012\/12\/1390667166_d1641ab0f6.jpg 500w, https:\/\/arte.vmribeiro.net\/wp-content\/uploads\/2012\/12\/1390667166_d1641ab0f6-300x227.jpg 300w\" sizes=\"auto, (max-width: 500px) 100vw, 500px\" \/><\/a><figcaption id=\"caption-attachment-837\" class=\"wp-caption-text\">Portal principal da Igreja do Salvador<\/figcaption><\/figure>\n<p>Portal axial de arco apontado com cinco arquivoltas. O t\u00edmpano repousa sobre duas consolas figurando um bov\u00eddeo e uma cabe\u00e7a humana, e possui um c\u00edrculo central com inscri\u00e7\u00e3o, ladeado por dois outros menores, onde est\u00e3o representados um atlante feminino suportando a Lua e um masculino o Sol.<\/p>\n<p><b>Fonte:<\/b> &#8220;<i>Portugal &#8211; Patrim\u00f3nio<\/i>&#8220;, \u00c1lvaro Duarte de Almeida e Duarte Belo.<\/p>\n","protected":false},"excerpt":{"rendered":"<p>Portal axial de arco apontado com cinco arquivoltas. O t\u00edmpano repousa sobre duas consolas figurando um bov\u00eddeo e uma cabe\u00e7a humana, e possui um c\u00edrculo central com inscri\u00e7\u00e3o, ladeado por dois outros menores, onde est\u00e3o representados um atlante feminino suportando a Lua e um masculino o Sol. Fonte: &#8220;Portugal &#8211; Patrim\u00f3nio&#8220;, \u00c1lvaro Duarte de Almeida &hellip; <\/p>\n<p class=\"link-more\"><a href=\"https:\/\/arte.vmribeiro.net\/?p=836\" class=\"more-link\">Continue reading<span class=\"screen-reader-text\"> &#8220;Portal principal da Igreja do Salvador&#8221;<\/span><\/a><\/p>\n","protected":false},"author":1,"featured_media":0,"comment_status":"open","ping_status":"open","sticky":false,"template":"","format":"standard","meta":{"footnotes":""},"categories":[5,3,6],"tags":[226,251,32,136,96],"class_list":["post-836","post","type-post","status-publish","format-standard","hentry","category-arquitectura","category-arte-romanica","category-escultura","tag-igreja-do-salvador","tag-matriz-de-paco-de-sousa","tag-portal","tag-portal-romanico","tag-romanico"],"_links":{"self":[{"href":"https:\/\/arte.vmribeiro.net\/index.php?rest_route=\/wp\/v2\/posts\/836","targetHints":{"allow":["GET"]}}],"collection":[{"href":"https:\/\/arte.vmribeiro.net\/index.php?rest_route=\/wp\/v2\/posts"}],"about":[{"href":"https:\/\/arte.vmribeiro.net\/index.php?rest_route=\/wp\/v2\/types\/post"}],"author":[{"embeddable":true,"href":"https:\/\/arte.vmribeiro.net\/index.php?rest_route=\/wp\/v2\/users\/1"}],"replies":[{"embeddable":true,"href":"https:\/\/arte.vmribeiro.net\/index.php?rest_route=%2Fwp%2Fv2%2Fcomments&post=836"}],"version-history":[{"count":2,"href":"https:\/\/arte.vmribeiro.net\/index.php?rest_route=\/wp\/v2\/posts\/836\/revisions"}],"predecessor-version":[{"id":839,"href":"https:\/\/arte.vmribeiro.net\/index.php?rest_route=\/wp\/v2\/posts\/836\/revisions\/839"}],"wp:attachment":[{"href":"https:\/\/arte.vmribeiro.net\/index.php?rest_route=%2Fwp%2Fv2%2Fmedia&parent=836"}],"wp:term":[{"taxonomy":"category","embeddable":true,"href":"https:\/\/arte.vmribeiro.net\/index.php?rest_route=%2Fwp%2Fv2%2Fcategories&post=836"},{"taxonomy":"post_tag","embeddable":true,"href":"https:\/\/arte.vmribeiro.net\/index.php?rest_route=%2Fwp%2Fv2%2Ftags&post=836"}],"curies":[{"name":"wp","href":"https:\/\/api.w.org\/{rel}","templated":true}]}}