{"id":842,"date":"2013-02-26T23:29:20","date_gmt":"2013-02-26T23:29:20","guid":{"rendered":"http:\/\/arte.vmribeiro.net\/?p=842"},"modified":"2013-02-26T23:36:18","modified_gmt":"2013-02-26T23:36:18","slug":"padrao-do-salado","status":"publish","type":"post","link":"https:\/\/arte.vmribeiro.net\/?p=842","title":{"rendered":"Padr\u00e3o do Salado"},"content":{"rendered":"<figure style=\"width: 500px\" class=\"wp-caption alignnone\"><img loading=\"lazy\" decoding=\"async\" alt=\"\" src=\"http:\/\/farm1.staticflickr.com\/203\/464136535_2f97c850b5.jpg\" width=\"500\" height=\"379\" \/><figcaption class=\"wp-caption-text\">GUIMAR\u00c3ES (Portugal): Padr\u00e3o do Salado.<\/figcaption><\/figure>\n<p>Foi erguido no s\u00e9culo XIV por iniciativa de Afonso IV de Portugal para comemorar a vit\u00f3ria na Batalha de Salado, em 1340. O soberano participara nesta batalha em apoio ao enteado Afonso XI de Castela, auxiliando-o a defender-se de uma armada mu\u00e7ulmana.<br \/>\nAlpendre de planta quadrangular aberto, constitu\u00eddo por 4 arcos quebrados lavrados, assentes em colunas com capit\u00e9is lavrados, encimados pelo escudo Real. Os arcos, sobrepujados por empena, limitam uma cobertura em ab\u00f3bada de granito. Abriga um cruzeiro assente num soco circular de dois degraus. O cruzeiro policromado representa Cristo Crucificado de um lado e a Virgem M\u00e3e sob baldaquino do outro. Num plano inferior no fuste da Cruz: 4 esculturas, representando S\u00e3o Vicente Ap\u00f3stolo, S\u00e3o Filipe M\u00e1rtir, S\u00e3o Torcato e o Anjo da Guarda.<\/p>\n<p>Info:<br \/>\n<a title=\"Wikipedia\" href=\"http:\/\/pt.wikipedia.org\/wiki\/Padr\u00e3o_do_Salado\" target=\"_blank\">http:\/\/pt.wikipedia.org\/wiki\/Padr\u00e3o_do_Salado<\/a><br \/>\n<a title=\"Monumentos.pt\" href=\"http:\/\/www.monumentos.pt\/Site\/APP_PagesUser\/SIPA.aspx?id=764\" target=\"_blank\">http:\/\/www.monumentos.pt\/Site\/APP_PagesUser\/SIPA.aspx?id=764<\/a><\/p>\n","protected":false},"excerpt":{"rendered":"<p>Foi erguido no s\u00e9culo XIV por iniciativa de Afonso IV de Portugal para comemorar a vit\u00f3ria na Batalha de Salado, em 1340. O soberano participara nesta batalha em apoio ao enteado Afonso XI de Castela, auxiliando-o a defender-se de uma armada mu\u00e7ulmana. Alpendre de planta quadrangular aberto, constitu\u00eddo por 4 arcos quebrados lavrados, assentes em &hellip; <\/p>\n<p class=\"link-more\"><a href=\"https:\/\/arte.vmribeiro.net\/?p=842\" class=\"more-link\">Continue reading<span class=\"screen-reader-text\"> &#8220;Padr\u00e3o do Salado&#8221;<\/span><\/a><\/p>\n","protected":false},"author":1,"featured_media":0,"comment_status":"open","ping_status":"open","sticky":false,"template":"","format":"standard","meta":{"footnotes":""},"categories":[7,4],"tags":[12,9,11,13],"class_list":["post-842","post","type-post","status-publish","format-standard","hentry","category-arquitectura-arte-gotica","category-arte-gotica","tag-guimaraes","tag-igreja-da-oliveira","tag-padrao-do-salado","tag-portugal"],"_links":{"self":[{"href":"https:\/\/arte.vmribeiro.net\/index.php?rest_route=\/wp\/v2\/posts\/842","targetHints":{"allow":["GET"]}}],"collection":[{"href":"https:\/\/arte.vmribeiro.net\/index.php?rest_route=\/wp\/v2\/posts"}],"about":[{"href":"https:\/\/arte.vmribeiro.net\/index.php?rest_route=\/wp\/v2\/types\/post"}],"author":[{"embeddable":true,"href":"https:\/\/arte.vmribeiro.net\/index.php?rest_route=\/wp\/v2\/users\/1"}],"replies":[{"embeddable":true,"href":"https:\/\/arte.vmribeiro.net\/index.php?rest_route=%2Fwp%2Fv2%2Fcomments&post=842"}],"version-history":[{"count":3,"href":"https:\/\/arte.vmribeiro.net\/index.php?rest_route=\/wp\/v2\/posts\/842\/revisions"}],"predecessor-version":[{"id":844,"href":"https:\/\/arte.vmribeiro.net\/index.php?rest_route=\/wp\/v2\/posts\/842\/revisions\/844"}],"wp:attachment":[{"href":"https:\/\/arte.vmribeiro.net\/index.php?rest_route=%2Fwp%2Fv2%2Fmedia&parent=842"}],"wp:term":[{"taxonomy":"category","embeddable":true,"href":"https:\/\/arte.vmribeiro.net\/index.php?rest_route=%2Fwp%2Fv2%2Fcategories&post=842"},{"taxonomy":"post_tag","embeddable":true,"href":"https:\/\/arte.vmribeiro.net\/index.php?rest_route=%2Fwp%2Fv2%2Ftags&post=842"}],"curies":[{"name":"wp","href":"https:\/\/api.w.org\/{rel}","templated":true}]}}