{"id":847,"date":"2013-06-09T13:58:56","date_gmt":"2013-06-09T13:58:56","guid":{"rendered":"http:\/\/arte.vmribeiro.net\/?p=847"},"modified":"2013-06-09T14:00:37","modified_gmt":"2013-06-09T14:00:37","slug":"igreja-de-sao-pedro-de-ferreira","status":"publish","type":"post","link":"https:\/\/arte.vmribeiro.net\/?p=847","title":{"rendered":"Igreja de S\u00e3o Pedro de Ferreira"},"content":{"rendered":"<p>&nbsp;<\/p>\n<figure id=\"attachment_852\" aria-describedby=\"caption-attachment-852\" style=\"width: 500px\" class=\"wp-caption aligncenter\"><a href=\"http:\/\/arte.vmribeiro.net\/?attachment_id=852\" rel=\"attachment wp-att-852\"><img loading=\"lazy\" decoding=\"async\" class=\"size-full wp-image-852\" alt=\"PA\u00c7OS DE FERREIRA (Portugal): Igreja de S\u00e3o Pedro de Ferreira.\" src=\"http:\/\/arte.vmribeiro.net\/wp-content\/uploads\/2013\/06\/1408199271_9803638985.jpg\" width=\"500\" height=\"363\" srcset=\"https:\/\/arte.vmribeiro.net\/wp-content\/uploads\/2013\/06\/1408199271_9803638985.jpg 500w, https:\/\/arte.vmribeiro.net\/wp-content\/uploads\/2013\/06\/1408199271_9803638985-300x217.jpg 300w\" sizes=\"auto, (max-width: 500px) 100vw, 500px\" \/><\/a><figcaption id=\"caption-attachment-852\" class=\"wp-caption-text\">PA\u00c7OS DE FERREIRA (Portugal): Igreja de S\u00e3o Pedro de Ferreira.<\/figcaption><\/figure>\n<p>A actual igreja n\u00e3o foi come\u00e7ada antes dos finais do s\u00e9culo XII. Em 1281, o mosteiro passou para a posse dos Beneditinos, que empreenderam, ent\u00e3o, a constru\u00e7\u00e3o que ainda hoje vemos. Apesar da data\u00e7\u00e3o relativamente tardia, e das propor\u00e7\u00f5es da sua igreja (que temos de considerar modestas), o conjunto constitui um dos nossos mais interessantes monumentos rom\u00e2nicos, em especial pelos referentes regionais art\u00edsticos que conflu\u00edram no seu estaleiro. A marcha das obras ter\u00e1 sido bastante r\u00e1pida, n\u00e3o se identificando rupturas no processo construtivo, o que poder\u00e1 indicar uma situa\u00e7\u00e3o de desafogo econ\u00f3mico pouco comum na \u00e9poca.<br \/>\nTipologicamente, trata-se de um templo de nave \u00fanica, segmentado em quatro tramos, com capela-mor mais baixa que o corpo, dotada de duplo tramo, sendo o \u00faltimo semicircular. No exterior, manifesta-se, j\u00e1, algum requinte construtivo, como o recurso a contrafortes nos pontos de apoio dos tirantes do telhado da nave (situa\u00e7\u00e3o que se justifica pela sua grande altura), a utiliza\u00e7\u00e3o de bandas lombardas a todo o redor ou a disposi\u00e7\u00e3o do portal principal, em desenvolvido e saliente gablete.<\/p>\n<figure id=\"attachment_850\" aria-describedby=\"caption-attachment-850\" style=\"width: 232px\" class=\"wp-caption aligncenter\"><a href=\"http:\/\/arte.vmribeiro.net\/?attachment_id=850\" rel=\"attachment wp-att-850\"><img loading=\"lazy\" decoding=\"async\" class=\"size-medium wp-image-850\" alt=\"PA\u00c7OS DE FERREIRA (Portugal): Igreja de S\u00e3o Pedro de Ferreira.\" src=\"http:\/\/arte.vmribeiro.net\/wp-content\/uploads\/2013\/06\/1413619534_d23db640e1_z-232x300.jpg\" width=\"232\" height=\"300\" srcset=\"https:\/\/arte.vmribeiro.net\/wp-content\/uploads\/2013\/06\/1413619534_d23db640e1_z-232x300.jpg 232w, https:\/\/arte.vmribeiro.net\/wp-content\/uploads\/2013\/06\/1413619534_d23db640e1_z.jpg 496w\" sizes=\"auto, (max-width: 232px) 100vw, 232px\" \/><\/a><figcaption id=\"caption-attachment-850\" class=\"wp-caption-text\">PA\u00c7OS DE FERREIRA (Portugal): Igreja de S\u00e3o Pedro de Ferreira.<\/figcaption><\/figure>\n<p>Na frontaria destaca-se o portal, aberto num muro anteposto \u00e0 fachada que, ao lhe acrescentar profundidade, permite a sucessiva reentr\u00e2ncia das cinco arquivoltas. Estas s\u00e3o envolvidas exteriormente por um cord\u00e3o entran\u00e7ado. Decoradas com l\u00f3bulos perfurados, as arquivoltas assentam em oito colunelos cujos capit\u00e9is apresentam uma decora\u00e7\u00e3o zoofitom\u00f3rfica e geom\u00e9trica. O portal revela uma tipologia singular em territ\u00f3rio nacional, mostrando afinidades com o da fachada sul da catedral de Zamora.<\/p>\n<p><a href=\"http:\/\/arte.vmribeiro.net\/?attachment_id=848\" rel=\"attachment wp-att-848\"><img loading=\"lazy\" decoding=\"async\" class=\"aligncenter size-medium wp-image-848\" alt=\"1413618798_017dc02372_z\" src=\"http:\/\/arte.vmribeiro.net\/wp-content\/uploads\/2013\/06\/1413618798_017dc02372_z-227x300.jpg\" width=\"227\" height=\"300\" srcset=\"https:\/\/arte.vmribeiro.net\/wp-content\/uploads\/2013\/06\/1413618798_017dc02372_z-227x300.jpg 227w, https:\/\/arte.vmribeiro.net\/wp-content\/uploads\/2013\/06\/1413618798_017dc02372_z.jpg 485w\" sizes=\"auto, (max-width: 227px) 100vw, 227px\" \/><\/a><\/p>\n<figure id=\"attachment_851\" aria-describedby=\"caption-attachment-851\" style=\"width: 247px\" class=\"wp-caption aligncenter\"><a href=\"http:\/\/arte.vmribeiro.net\/?attachment_id=851\" rel=\"attachment wp-att-851\"><img loading=\"lazy\" decoding=\"async\" class=\"size-medium wp-image-851\" alt=\"PA\u00c7OS DE FERREIRA (Portugal): Igreja de S\u00e3o Pedro de Ferreira.\" src=\"http:\/\/arte.vmribeiro.net\/wp-content\/uploads\/2013\/06\/1412718193_0b0f4bed5c_z-247x300.jpg\" width=\"247\" height=\"300\" srcset=\"https:\/\/arte.vmribeiro.net\/wp-content\/uploads\/2013\/06\/1412718193_0b0f4bed5c_z-247x300.jpg 247w, https:\/\/arte.vmribeiro.net\/wp-content\/uploads\/2013\/06\/1412718193_0b0f4bed5c_z.jpg 529w\" sizes=\"auto, (max-width: 247px) 100vw, 247px\" \/><\/a><figcaption id=\"caption-attachment-851\" class=\"wp-caption-text\">PA\u00c7OS DE FERREIRA (Portugal): Igreja de S\u00e3o Pedro de Ferreira.<\/figcaption><\/figure>\n<p>Em cada fachada lateral abre-se um portal com tr\u00eas arquivoltas levemente quebradas, capit\u00e9is trabalhados e um t\u00edmpano liso.<\/p>\n<p><strong>Fontes:<\/strong><\/p>\n<ul>\n<li><a href=\"http:\/\/www.ippar.pt\/\">http:\/\/www.ippar.pt\/<\/a><\/li>\n<\/ul>\n<ul>\n<li>&#8220;<em>Portugal &#8211; Patrim\u00f3nio<\/em>&#8220;, \u00c1lvaro Duarte de Almeida e Duarte Belo.<\/li>\n<\/ul>\n","protected":false},"excerpt":{"rendered":"<p>&nbsp; A actual igreja n\u00e3o foi come\u00e7ada antes dos finais do s\u00e9culo XII. Em 1281, o mosteiro passou para a posse dos Beneditinos, que empreenderam, ent\u00e3o, a constru\u00e7\u00e3o que ainda hoje vemos. Apesar da data\u00e7\u00e3o relativamente tardia, e das propor\u00e7\u00f5es da sua igreja (que temos de considerar modestas), o conjunto constitui um dos nossos mais &hellip; <\/p>\n<p class=\"link-more\"><a href=\"https:\/\/arte.vmribeiro.net\/?p=847\" class=\"more-link\">Continue reading<span class=\"screen-reader-text\"> &#8220;Igreja de S\u00e3o Pedro de Ferreira&#8221;<\/span><\/a><\/p>\n","protected":false},"author":1,"featured_media":0,"comment_status":"open","ping_status":"open","sticky":false,"template":"","format":"standard","meta":{"footnotes":""},"categories":[5,3],"tags":[170,253,254,136,241,96],"class_list":["post-847","post","type-post","status-publish","format-standard","hentry","category-arquitectura","category-arte-romanica","tag-capiteis-romanicos","tag-igreja-de-s-pedro-de-ferreira","tag-pacos-de-ferreira","tag-portal-romanico","tag-romanesque","tag-romanico"],"_links":{"self":[{"href":"https:\/\/arte.vmribeiro.net\/index.php?rest_route=\/wp\/v2\/posts\/847","targetHints":{"allow":["GET"]}}],"collection":[{"href":"https:\/\/arte.vmribeiro.net\/index.php?rest_route=\/wp\/v2\/posts"}],"about":[{"href":"https:\/\/arte.vmribeiro.net\/index.php?rest_route=\/wp\/v2\/types\/post"}],"author":[{"embeddable":true,"href":"https:\/\/arte.vmribeiro.net\/index.php?rest_route=\/wp\/v2\/users\/1"}],"replies":[{"embeddable":true,"href":"https:\/\/arte.vmribeiro.net\/index.php?rest_route=%2Fwp%2Fv2%2Fcomments&post=847"}],"version-history":[{"count":3,"href":"https:\/\/arte.vmribeiro.net\/index.php?rest_route=\/wp\/v2\/posts\/847\/revisions"}],"predecessor-version":[{"id":854,"href":"https:\/\/arte.vmribeiro.net\/index.php?rest_route=\/wp\/v2\/posts\/847\/revisions\/854"}],"wp:attachment":[{"href":"https:\/\/arte.vmribeiro.net\/index.php?rest_route=%2Fwp%2Fv2%2Fmedia&parent=847"}],"wp:term":[{"taxonomy":"category","embeddable":true,"href":"https:\/\/arte.vmribeiro.net\/index.php?rest_route=%2Fwp%2Fv2%2Fcategories&post=847"},{"taxonomy":"post_tag","embeddable":true,"href":"https:\/\/arte.vmribeiro.net\/index.php?rest_route=%2Fwp%2Fv2%2Ftags&post=847"}],"curies":[{"name":"wp","href":"https:\/\/api.w.org\/{rel}","templated":true}]}}