{"id":857,"date":"2018-09-02T09:10:03","date_gmt":"2018-09-02T09:10:03","guid":{"rendered":"http:\/\/arte.vmribeiro.net\/?p=857"},"modified":"2018-09-02T09:10:46","modified_gmt":"2018-09-02T09:10:46","slug":"igreja-de-sao-tiago-coimbra","status":"publish","type":"post","link":"https:\/\/arte.vmribeiro.net\/?p=857","title":{"rendered":"Igreja de S\u00e3o Tiago (Coimbra)"},"content":{"rendered":"<p><a href=\"http:\/\/arte.vmribeiro.net\/?attachment_id=858\" rel=\"attachment wp-att-858\"><img loading=\"lazy\" decoding=\"async\" class=\" wp-image-858 alignleft\" src=\"http:\/\/arte.vmribeiro.net\/wp-content\/uploads\/2018\/09\/201567118_b27f30b047_o-239x300.jpg\" alt=\"\" width=\"279\" height=\"350\" srcset=\"https:\/\/arte.vmribeiro.net\/wp-content\/uploads\/2018\/09\/201567118_b27f30b047_o-239x300.jpg 239w, https:\/\/arte.vmribeiro.net\/wp-content\/uploads\/2018\/09\/201567118_b27f30b047_o-300x377.jpg 300w, https:\/\/arte.vmribeiro.net\/wp-content\/uploads\/2018\/09\/201567118_b27f30b047_o.jpg 597w\" sizes=\"auto, (max-width: 279px) 100vw, 279px\" \/><\/a> <a href=\"http:\/\/arte.vmribeiro.net\/?attachment_id=859\" rel=\"attachment wp-att-859\"><img loading=\"lazy\" decoding=\"async\" class=\"aligncenter wp-image-859\" src=\"http:\/\/arte.vmribeiro.net\/wp-content\/uploads\/2018\/09\/128867326_95d1e032a7_o-300x246.jpg\" alt=\"\" width=\"399\" height=\"327\" srcset=\"https:\/\/arte.vmribeiro.net\/wp-content\/uploads\/2018\/09\/128867326_95d1e032a7_o-300x246.jpg 300w, https:\/\/arte.vmribeiro.net\/wp-content\/uploads\/2018\/09\/128867326_95d1e032a7_o.jpg 500w\" sizes=\"auto, (max-width: 399px) 100vw, 399px\" \/><\/a><\/p>\n<p>&nbsp;<\/p>\n<p>A cronologia da constru\u00e7\u00e3o rom\u00e2nica da igreja de Santiago de Coimbra \u00e9, ainda hoje, objecto de discuss\u00e3o. O templo foi solenemente sagrado em 1206, mas parece certo que as obras se prolongaram para c\u00e1 dessa data, como real\u00e7ou Gerhard Graf a prop\u00f3sito dos elementos estilisticamente tardios da ros\u00e1cea e de alguns capit\u00e9is das janelas da fachada principal (GRAF, 1986, vol. 1, pp.191-192).<br \/>\nEm termos decorativos, a igreja de Santiago constitui um exe<span class=\"text_exposed_show\">mplo fiel do Rom\u00e2nico coimbr\u00e3o na sequ\u00eancia da constru\u00e7\u00e3o da S\u00e9 Velha de Coimbra. Aqui encontram-se os mesmos modelos escult\u00f3ricos e tem\u00e1ticos que caracterizam a maior obra rom\u00e2nica da cidade, como os animais afrontados, as aves debicantes, etc. No entanto, a for\u00e7ada paralisa\u00e7\u00e3o das obras em finais do s\u00e9culo XII (REAL, 1986, 57) determinou a altera\u00e7\u00e3o do projecto original e at\u00e9 a substitui\u00e7\u00e3o dos artistas.<br \/>\n\u00c9 desta forma que a igreja de Santiago encerra, pelo menos duas fases construtivas distintas (que Ant\u00f3nio Nogueira Gon\u00e7alves considerou tr\u00eas, vislumbrando uma campanha mais na cabeceira (GON\u00c7ALVES, republ. 1980, p.78)). O portal Sul, com as suas tr\u00eas arquivoltas sem decora\u00e7\u00e3o, sublinhadas exteriormente por uma moldura de videira, constitui um bom exemplo das op\u00e7\u00f5es do Rom\u00e2nico coimbr\u00e3o de finais do s\u00e9culo XII. A composi\u00e7\u00e3o dos capit\u00e9is aprofunda os motivos vegetalistas ensaiados anteriormente na S\u00e9 Velha, assim como a decora\u00e7\u00e3o dos fustes das colunas, profusamente ornamentados com motivos geom\u00e9tricos e florais.<br \/>\nDiferente \u00e9 o caso do portal principal, constru\u00eddo em \u00e9poca mais tardia, e composto por quatro arquivoltas. Como acentuou Manuel Lu\u00eds Real, coexistem nesta parte do edif\u00edcio verdadeiras obras primas da escultura rom\u00e2nica coimbr\u00e3 e capit\u00e9is de muito menor qualidade, fruto certamente de artistas de inferior forma\u00e7\u00e3o (REAL, 1986, p.57). Por seu lado, Gerhard Graf real\u00e7ou as liga\u00e7\u00f5es estil\u00edsticas dos fustes das colunas deste portal com a realiza\u00e7\u00e3o das janelas da Fachada das Plater\u00edas da Catedral de Santiago de Compostela (GRAF, 1986, vol. 1, p.190). PAF<\/span><\/p>\n<div class=\"text_exposed_show\">\n<p>info:\u00a0<a href=\"https:\/\/l.facebook.com\/l.php?u=http%3A%2F%2Fwww.patrimoniocultural.gov.pt%2F&amp;h=AT22-3__AI5OtAlfuqDQmA6WS-6CyoAjpVnvlmCYbXYFvEDIuoA0gKLiNceFLBnXERD5hEOqVn4DMAkR648lcH_-53xhesLo4ykd7Hbo75jkzfu0dJzK4nrQiMbK6P0VKHZfv0cf1c5ujglWV-Y5AR6WvD2RJzpqNbb2vkYna8UsWjsTq5kk61QSyj99_vfTxpilkTbJInW0Z0anOEZbtSrwR0g3XKbn03Pzc26p9wFzuR18wUzKyFll9TQb7ksdlAPetIco0bsRVhjsWncsXRHvz0D3g7PGWYy8WMdeHeiR5xbTuu4f6WLL6HdXA3OqVbP970HjMyTp2bmDcKxd_Qxr9v3srGFb1lVSoDq-Jfb6u_5tcLSjXYuCJYZC0biatQSqljy_L-J_Wb7Z3UsFi9yHdm_NrYo\" target=\"_blank\" rel=\"noopener nofollow\" data-ft=\"{&quot;tn&quot;:&quot;-U&quot;}\" data-lynx-mode=\"async\">http:\/\/www.patrimoniocultural.gov.pt<\/a>\u00a0(adaptado)<\/p>\n<\/div>\n","protected":false},"excerpt":{"rendered":"<p>&nbsp; A cronologia da constru\u00e7\u00e3o rom\u00e2nica da igreja de Santiago de Coimbra \u00e9, ainda hoje, objecto de discuss\u00e3o. O templo foi solenemente sagrado em 1206, mas parece certo que as obras se prolongaram para c\u00e1 dessa data, como real\u00e7ou Gerhard Graf a prop\u00f3sito dos elementos estilisticamente tardios da ros\u00e1cea e de alguns capit\u00e9is das janelas &hellip; <\/p>\n<p class=\"link-more\"><a href=\"https:\/\/arte.vmribeiro.net\/?p=857\" class=\"more-link\">Continue reading<span class=\"screen-reader-text\"> &#8220;Igreja de S\u00e3o Tiago (Coimbra)&#8221;<\/span><\/a><\/p>\n","protected":false},"author":1,"featured_media":0,"comment_status":"open","ping_status":"open","sticky":false,"template":"","format":"standard","meta":{"footnotes":""},"categories":[5,3],"tags":[23,141,257],"class_list":["post-857","post","type-post","status-publish","format-standard","hentry","category-arquitectura","category-arte-romanica","tag-coimbra","tag-igreja-de-sao-tiago","tag-sao-tiago"],"_links":{"self":[{"href":"https:\/\/arte.vmribeiro.net\/index.php?rest_route=\/wp\/v2\/posts\/857","targetHints":{"allow":["GET"]}}],"collection":[{"href":"https:\/\/arte.vmribeiro.net\/index.php?rest_route=\/wp\/v2\/posts"}],"about":[{"href":"https:\/\/arte.vmribeiro.net\/index.php?rest_route=\/wp\/v2\/types\/post"}],"author":[{"embeddable":true,"href":"https:\/\/arte.vmribeiro.net\/index.php?rest_route=\/wp\/v2\/users\/1"}],"replies":[{"embeddable":true,"href":"https:\/\/arte.vmribeiro.net\/index.php?rest_route=%2Fwp%2Fv2%2Fcomments&post=857"}],"version-history":[{"count":2,"href":"https:\/\/arte.vmribeiro.net\/index.php?rest_route=\/wp\/v2\/posts\/857\/revisions"}],"predecessor-version":[{"id":861,"href":"https:\/\/arte.vmribeiro.net\/index.php?rest_route=\/wp\/v2\/posts\/857\/revisions\/861"}],"wp:attachment":[{"href":"https:\/\/arte.vmribeiro.net\/index.php?rest_route=%2Fwp%2Fv2%2Fmedia&parent=857"}],"wp:term":[{"taxonomy":"category","embeddable":true,"href":"https:\/\/arte.vmribeiro.net\/index.php?rest_route=%2Fwp%2Fv2%2Fcategories&post=857"},{"taxonomy":"post_tag","embeddable":true,"href":"https:\/\/arte.vmribeiro.net\/index.php?rest_route=%2Fwp%2Fv2%2Ftags&post=857"}],"curies":[{"name":"wp","href":"https:\/\/api.w.org\/{rel}","templated":true}]}}