{"id":862,"date":"2018-09-03T10:02:36","date_gmt":"2018-09-03T10:02:36","guid":{"rendered":"http:\/\/arte.vmribeiro.net\/?p=862"},"modified":"2018-09-03T10:09:06","modified_gmt":"2018-09-03T10:09:06","slug":"mosteiro-de-pombeiro-felgueiras","status":"publish","type":"post","link":"https:\/\/arte.vmribeiro.net\/?p=862","title":{"rendered":"Mosteiro de Pombeiro (Felgueiras)"},"content":{"rendered":"<p style=\"text-align: center;\"><a href=\"http:\/\/arte.vmribeiro.net\/?attachment_id=864\" rel=\"attachment wp-att-864\"><img loading=\"lazy\" decoding=\"async\" class=\"aligncenter wp-image-864\" src=\"http:\/\/arte.vmribeiro.net\/wp-content\/uploads\/2018\/09\/4648039310_7dc26444e4_o.jpg\" alt=\"\" width=\"623\" height=\"411\" srcset=\"https:\/\/arte.vmribeiro.net\/wp-content\/uploads\/2018\/09\/4648039310_7dc26444e4_o.jpg 799w, https:\/\/arte.vmribeiro.net\/wp-content\/uploads\/2018\/09\/4648039310_7dc26444e4_o-300x198.jpg 300w, https:\/\/arte.vmribeiro.net\/wp-content\/uploads\/2018\/09\/4648039310_7dc26444e4_o-768x507.jpg 768w\" sizes=\"auto, (max-width: 623px) 100vw, 623px\" \/><\/a><\/p>\n<p>O Mosteiro de Pombeiro \u00e9 fundado, segundo a tradi\u00e7\u00e3o, em 1059, apesar da mais antiga refer\u00eancia documental conhecida apontar para o ano de 1099.<\/p>\n<p>Pombeiro \u00e9, todavia, uma das mais antigas institui\u00e7\u00f5es monacais do territ\u00f3rio portugu\u00eas, estando documentada desde 853, segundo PAF, do IPPAR &#8211; Instituto Portugu\u00eas do Patrim\u00f3nio Arquitet\u00f3nico. No entanto, do primitivo estabelecimento nenhum elemento material foi, at\u00e9 ao momento, identificado. Tratava-se, com grande probabilidade, de um edif\u00edcio modesto, eventualmente vinculado \u00e0 autoridade asturiana e localizado no lugar do Sobrado, medievalmente designado por Columbino.<\/p>\n<p><a href=\"http:\/\/arte.vmribeiro.net\/?attachment_id=866\" rel=\"attachment wp-att-866\"><img loading=\"lazy\" decoding=\"async\" class=\"wp-image-866 aligncenter\" src=\"http:\/\/arte.vmribeiro.net\/wp-content\/uploads\/2018\/09\/4649767709_977cea4377_o.jpg\" alt=\"\" width=\"558\" height=\"371\" srcset=\"https:\/\/arte.vmribeiro.net\/wp-content\/uploads\/2018\/09\/4649767709_977cea4377_o.jpg 795w, https:\/\/arte.vmribeiro.net\/wp-content\/uploads\/2018\/09\/4649767709_977cea4377_o-300x200.jpg 300w, https:\/\/arte.vmribeiro.net\/wp-content\/uploads\/2018\/09\/4649767709_977cea4377_o-768x511.jpg 768w\" sizes=\"auto, (max-width: 558px) 100vw, 558px\" \/><\/a><\/p>\n<p><span style=\"font-size: 16px;\">J\u00e1 as origens do atual edif\u00edcio s\u00e3o conhecidas desde a \u00e9poca de D. Fernando, o Magno. Segundo Graf, em 1041, o Mosteiro sofre a transfer\u00eancia para a sua atual localiza\u00e7\u00e3o, sendo erguido o primeiro conjunto a partir de 1059, monumento do qual nada chegou at\u00e9 aos nossos dias. No entanto, \u00e9 neste per\u00edodo condal que ocorre a j\u00e1 referida doa\u00e7\u00e3o de D. Egas Gomes de Sousa e a concess\u00e3o da Carta de Couto de D. Teresa.<\/span><\/p>\n<p><a href=\"http:\/\/arte.vmribeiro.net\/?attachment_id=868\" rel=\"attachment wp-att-868\"><img loading=\"lazy\" decoding=\"async\" class=\" wp-image-868\" src=\"http:\/\/arte.vmribeiro.net\/wp-content\/uploads\/2018\/09\/4652025400_1bbbd95e8a_o-300x213.jpg\" alt=\"\" width=\"245\" height=\"174\" srcset=\"https:\/\/arte.vmribeiro.net\/wp-content\/uploads\/2018\/09\/4652025400_1bbbd95e8a_o-300x213.jpg 300w, https:\/\/arte.vmribeiro.net\/wp-content\/uploads\/2018\/09\/4652025400_1bbbd95e8a_o-768x544.jpg 768w, https:\/\/arte.vmribeiro.net\/wp-content\/uploads\/2018\/09\/4652025400_1bbbd95e8a_o.jpg 796w\" sizes=\"auto, (max-width: 245px) 100vw, 245px\" \/><\/a><a href=\"http:\/\/arte.vmribeiro.net\/?attachment_id=867\" rel=\"attachment wp-att-867\"><img loading=\"lazy\" decoding=\"async\" class=\" wp-image-867\" src=\"http:\/\/arte.vmribeiro.net\/wp-content\/uploads\/2018\/09\/4651407135_93c8c9b7d8_o-300x198.jpg\" alt=\"\" width=\"263\" height=\"174\" srcset=\"https:\/\/arte.vmribeiro.net\/wp-content\/uploads\/2018\/09\/4651407135_93c8c9b7d8_o-300x198.jpg 300w, https:\/\/arte.vmribeiro.net\/wp-content\/uploads\/2018\/09\/4651407135_93c8c9b7d8_o-768x508.jpg 768w, https:\/\/arte.vmribeiro.net\/wp-content\/uploads\/2018\/09\/4651407135_93c8c9b7d8_o.jpg 797w\" sizes=\"auto, (max-width: 263px) 100vw, 263px\" \/><\/a><\/p>\n<p>&nbsp;<\/p>\n<p style=\"text-align: left;\">A localiza\u00e7\u00e3o do Mosteiro, na interse\u00e7\u00e3o de duas das principais vias medievais da \u00e9poca \u2013 uma que ligava o Porto a Tr\u00e1s-os-Montes, por Amarante, e uma segunda que ligava a Beira a Guimar\u00e3es e Braga, atravessando Lamego e o Douro em Porto de Rei \u2013 evidencia a significativa import\u00e2ncia deste conjunto mon\u00e1stico Beneditino na regi\u00e3o. \u00c9 nestes espa\u00e7os que os reis se instalam nas suas viagens e nos quais os peregrinos se albergam e recebem assist\u00eancia.<\/p>\n<p>Os Beneditinos, com o forte apoio dos Sous\u00f5es de Ribavizela, impulsionam o arranque da constru\u00e7\u00e3o rom\u00e2nica, cuja data\u00e7\u00e3o dever\u00e1 residir ao longo da segunda metade do s\u00e9culo XII, ou nas primeiras d\u00e9cadas do s\u00e9culo XIII. Rodrigues refere a exist\u00eancia da inscri\u00e7\u00e3o datada de 1199 no exterior da face sul do transepto, na qual \u00e9 mencionado o suposto fundador da obra, D. Gon\u00e7alo de Sousa.<\/p>\n<p><a href=\"http:\/\/arte.vmribeiro.net\/?attachment_id=870\" rel=\"attachment wp-att-870\"><img loading=\"lazy\" decoding=\"async\" class=\"size-medium wp-image-870 alignleft\" src=\"http:\/\/arte.vmribeiro.net\/wp-content\/uploads\/2018\/09\/4656873922_3d04893a20_o-199x300.jpg\" alt=\"\" width=\"199\" height=\"300\" srcset=\"https:\/\/arte.vmribeiro.net\/wp-content\/uploads\/2018\/09\/4656873922_3d04893a20_o-199x300.jpg 199w, https:\/\/arte.vmribeiro.net\/wp-content\/uploads\/2018\/09\/4656873922_3d04893a20_o-300x453.jpg 300w, https:\/\/arte.vmribeiro.net\/wp-content\/uploads\/2018\/09\/4656873922_3d04893a20_o.jpg 529w\" sizes=\"auto, (max-width: 199px) 100vw, 199px\" \/><\/a><\/p>\n<p>Ap\u00f3s o t\u00e9rmino das obras na fachada principal, a frontaria recebeu uma galil\u00e9 de tr\u00eas naves, destinada ao enterramento dos nobres de Entre-Douro-e-Minho, embora das tumula\u00e7\u00f5es efetuadas restem apenas dois t\u00famulos rom\u00e2nicos, atualmente localizados no interior do templo, e atribu\u00eddos, de acordo com Barroca, a um desconhecido nobre da fam\u00edlia dos Lima e a D. Jo\u00e3o Afonso de Albuquerque.<\/p>\n<p><a href=\"http:\/\/arte.vmribeiro.net\/?attachment_id=869\" rel=\"attachment wp-att-869\"><img loading=\"lazy\" decoding=\"async\" class=\" wp-image-869\" src=\"http:\/\/arte.vmribeiro.net\/wp-content\/uploads\/2018\/09\/4655497986_802b6f9bbd_o-300x195.jpg\" alt=\"\" width=\"221\" height=\"144\" srcset=\"https:\/\/arte.vmribeiro.net\/wp-content\/uploads\/2018\/09\/4655497986_802b6f9bbd_o-300x195.jpg 300w, https:\/\/arte.vmribeiro.net\/wp-content\/uploads\/2018\/09\/4655497986_802b6f9bbd_o-768x500.jpg 768w, https:\/\/arte.vmribeiro.net\/wp-content\/uploads\/2018\/09\/4655497986_802b6f9bbd_o.jpg 798w\" sizes=\"auto, (max-width: 221px) 100vw, 221px\" \/><\/a><\/p>\n<p>J\u00e1 na Idade Moderna, Pombeiro foi objeto de profundas modifica\u00e7\u00f5es, a maioria das quais ocorridas no per\u00edodo Barroco. Uma das alas do claustro data de 1702, s\u00e9culo ao longo do qual se realizaram a nova capela-mor, o coro alto, o \u00f3rg\u00e3o, as numerosas obras de talha dourada, as duas torres que flanqueiam a frontaria e uma parte das alas monacais.<\/p>\n<figure id=\"attachment_863\" aria-describedby=\"caption-attachment-863\" style=\"width: 613px\" class=\"wp-caption aligncenter\"><a href=\"http:\/\/arte.vmribeiro.net\/?attachment_id=863\" rel=\"attachment wp-att-863\"><img loading=\"lazy\" decoding=\"async\" class=\" wp-image-863\" src=\"http:\/\/arte.vmribeiro.net\/wp-content\/uploads\/2018\/09\/4660361536_2f559b156f_o.jpg\" alt=\"\" width=\"613\" height=\"405\" srcset=\"https:\/\/arte.vmribeiro.net\/wp-content\/uploads\/2018\/09\/4660361536_2f559b156f_o.jpg 799w, https:\/\/arte.vmribeiro.net\/wp-content\/uploads\/2018\/09\/4660361536_2f559b156f_o-300x198.jpg 300w, https:\/\/arte.vmribeiro.net\/wp-content\/uploads\/2018\/09\/4660361536_2f559b156f_o-768x508.jpg 768w\" sizes=\"auto, (max-width: 613px) 100vw, 613px\" \/><\/a><figcaption id=\"caption-attachment-863\" class=\"wp-caption-text\"><span style=\"font-size: 16px;\">Os claustros foram alvo de remodela\u00e7\u00e3o nos in\u00edcios de Oitocentos, com uma campanha neocl\u00e1ssica, interrompida em 1834, com a extin\u00e7\u00e3o das ordens religiosas.<\/span><\/figcaption><\/figure>\n<p>info: <a href=\"http:\/\/www.rotadoromanico.com\/vPT\/Monumentos\/Monumentos\/Paginas\/MosteirodeSantaMariadePombeiro.aspx?galeria=Fotografias&amp;regiao=Felgueiras&amp;monumento=Mosteiro%20de%20Santa%20Maria%20de%20Pombeiro&amp;categoria=&amp;TabNumber=0&amp;valor=\/vPT\/Monumentos\/Monumentos\/Paginas\/MosteirodeSantaMariadePombeiro.aspx&amp;guid={DA4C4BB8-D934-4165-B7D8-17B279F6298B}\">http:\/\/www.rotadoromanico.com\/<\/a> (adaptado)<\/p>\n","protected":false},"excerpt":{"rendered":"<p>O Mosteiro de Pombeiro \u00e9 fundado, segundo a tradi\u00e7\u00e3o, em 1059, apesar da mais antiga refer\u00eancia documental conhecida apontar para o ano de 1099. Pombeiro \u00e9, todavia, uma das mais antigas institui\u00e7\u00f5es monacais do territ\u00f3rio portugu\u00eas, estando documentada desde 853, segundo PAF, do IPPAR &#8211; Instituto Portugu\u00eas do Patrim\u00f3nio Arquitet\u00f3nico. No entanto, do primitivo estabelecimento &hellip; <\/p>\n<p class=\"link-more\"><a href=\"https:\/\/arte.vmribeiro.net\/?p=862\" class=\"more-link\">Continue reading<span class=\"screen-reader-text\"> &#8220;Mosteiro de Pombeiro (Felgueiras)&#8221;<\/span><\/a><\/p>\n","protected":false},"author":1,"featured_media":0,"comment_status":"open","ping_status":"open","sticky":false,"template":"","format":"standard","meta":{"footnotes":""},"categories":[5,3,6,1],"tags":[36,37,258],"class_list":["post-862","post","type-post","status-publish","format-standard","hentry","category-arquitectura","category-arte-romanica","category-escultura","category-uncategorized","tag-felgueiras","tag-mosteiro-de-pombeiro","tag-pombeiro"],"_links":{"self":[{"href":"https:\/\/arte.vmribeiro.net\/index.php?rest_route=\/wp\/v2\/posts\/862","targetHints":{"allow":["GET"]}}],"collection":[{"href":"https:\/\/arte.vmribeiro.net\/index.php?rest_route=\/wp\/v2\/posts"}],"about":[{"href":"https:\/\/arte.vmribeiro.net\/index.php?rest_route=\/wp\/v2\/types\/post"}],"author":[{"embeddable":true,"href":"https:\/\/arte.vmribeiro.net\/index.php?rest_route=\/wp\/v2\/users\/1"}],"replies":[{"embeddable":true,"href":"https:\/\/arte.vmribeiro.net\/index.php?rest_route=%2Fwp%2Fv2%2Fcomments&post=862"}],"version-history":[{"count":4,"href":"https:\/\/arte.vmribeiro.net\/index.php?rest_route=\/wp\/v2\/posts\/862\/revisions"}],"predecessor-version":[{"id":874,"href":"https:\/\/arte.vmribeiro.net\/index.php?rest_route=\/wp\/v2\/posts\/862\/revisions\/874"}],"wp:attachment":[{"href":"https:\/\/arte.vmribeiro.net\/index.php?rest_route=%2Fwp%2Fv2%2Fmedia&parent=862"}],"wp:term":[{"taxonomy":"category","embeddable":true,"href":"https:\/\/arte.vmribeiro.net\/index.php?rest_route=%2Fwp%2Fv2%2Fcategories&post=862"},{"taxonomy":"post_tag","embeddable":true,"href":"https:\/\/arte.vmribeiro.net\/index.php?rest_route=%2Fwp%2Fv2%2Ftags&post=862"}],"curies":[{"name":"wp","href":"https:\/\/api.w.org\/{rel}","templated":true}]}}