{"id":876,"date":"2018-10-13T20:35:09","date_gmt":"2018-10-13T20:35:09","guid":{"rendered":"http:\/\/arte.vmribeiro.net\/?p=876"},"modified":"2018-10-13T21:05:18","modified_gmt":"2018-10-13T21:05:18","slug":"mosteiro-de-santo-estevao-de-ribas-de-sil","status":"publish","type":"post","link":"https:\/\/arte.vmribeiro.net\/?p=876","title":{"rendered":"Mosteiro de Santo Est\u00eav\u00e3o de Ribas de Sil"},"content":{"rendered":"<p><img loading=\"lazy\" decoding=\"async\" class=\"alignnone size-full\" src=\"https:\/\/rabiscos355365227.files.wordpress.com\/2018\/10\/43122695864_0303df5ced_o.jpg?w=740\" width=\"740\" height=\"432\" \/><\/p>\n<p>O Mosteiro de Santo Est\u00eav\u00e3o de Ribas de Sil (San Esteban de Ribas de Sil) \u00e9 um dos mais importantes mosteiros rom\u00e2nicos da Ribeira Sacra.<\/p>\n<p><img loading=\"lazy\" decoding=\"async\" class=\"alignnone size-full\" src=\"https:\/\/rabiscos355365227.files.wordpress.com\/2018\/10\/43806513732_acba59bfb4_o.jpg?w=740\" width=\"740\" height=\"1163\" \/><\/p>\n<p>A igreja mon\u00e1stica \u00e9 de estilo rom\u00e2nico muito tardio. Tem tr\u00eas grandes naves com arcos apontados que terminam com a cabeceira de tr\u00eas absides, com a curiosidade das naves laterais serem mais altas que a central.<\/p>\n<p><img loading=\"lazy\" decoding=\"async\" class=\"alignnone size-full\" src=\"https:\/\/rabiscos355365227.files.wordpress.com\/2018\/10\/43151688374_276cec8f81_o-1.jpg?w=740\" width=\"740\" height=\"415\" \/><\/p>\n<p>No interior h\u00e1 um belo ret\u00e1bulo rom\u00e2nico de pedra em forma pentagonal com Cristo no centro e os doze ap\u00f3stolos a flanque\u00e1-lo sob arcos. \u00c9 muito poss\u00edvel que originalmente, esta parte fizesse parte do t\u00edmpano de um portal.<\/p>\n<p><img loading=\"lazy\" decoding=\"async\" class=\"alignnone size-full\" src=\"https:\/\/rabiscos355365227.files.wordpress.com\/2018\/10\/43026186915_ee6cce6415_o.jpg?w=740\" width=\"740\" height=\"474\" \/><\/p>\n<p>O Mosteiro conserva um dos poucos claustros rom\u00e2nicos (chamado \u201cdos bispos\u201d) em toda a Galiza, embora com altera\u00e7\u00f5es do s\u00e9culo XVI, como veremos. O piso inferior \u00e9 rom\u00e2nico, embora com arcadas pesadas, cobertas com pin\u00e1culos tardo-g\u00f3ticos, para compensar o peso do piso superior. Estes contrafortes quebram a harmonia e regularidade das arcadas rom\u00e2nicas deste claustro. Os arcos austeros de meio ponto suportam em pares de colunas com capit\u00e9is de fustes elegantes e capit\u00e9is com decora\u00e7\u00e3o vegetalista. No entanto, h\u00e1 tamb\u00e9m alguns deles em que foram esculpidas harpias e figuras antropom\u00f3rficas, com remota influ\u00eancia do Mestre Mateus (P\u00f3rtico da Gl\u00f3ria \u2013 Catedral de Santiago de Compostela).<\/p>\n<p><img loading=\"lazy\" decoding=\"async\" class=\"alignnone size-full\" src=\"https:\/\/rabiscos355365227.files.wordpress.com\/2018\/10\/43006944605_ea23265908_o.jpg?w=740\" width=\"740\" height=\"1182\" \/><\/p>\n<p>Como dissemos, uma nova galeria g\u00f3tico-renascentista foi constru\u00edda a partir do s\u00e9culo XVI.<\/p>\n<p><img loading=\"lazy\" decoding=\"async\" class=\"alignnone size-full\" src=\"https:\/\/rabiscos355365227.files.wordpress.com\/2018\/10\/43026186915_ee6cce6415_o.jpg?w=740\" width=\"740\" height=\"474\" \/><\/p>\n","protected":false},"excerpt":{"rendered":"<p>O Mosteiro de Santo Est\u00eav\u00e3o de Ribas de Sil (San Esteban de Ribas de Sil) \u00e9 um dos mais importantes mosteiros rom\u00e2nicos da Ribeira Sacra. A igreja mon\u00e1stica \u00e9 de estilo rom\u00e2nico muito tardio. Tem tr\u00eas grandes naves com arcos apontados que terminam com a cabeceira de tr\u00eas absides, com a curiosidade das naves laterais &hellip; <\/p>\n<p class=\"link-more\"><a href=\"https:\/\/arte.vmribeiro.net\/?p=876\" class=\"more-link\">Continue reading<span class=\"screen-reader-text\"> &#8220;Mosteiro de Santo Est\u00eav\u00e3o de Ribas de Sil&#8221;<\/span><\/a><\/p>\n","protected":false},"author":1,"featured_media":0,"comment_status":"open","ping_status":"open","sticky":false,"template":"","format":"standard","meta":{"footnotes":""},"categories":[5,3,6],"tags":[170,15,22,21,241,96,260,259,16],"class_list":["post-876","post","type-post","status-publish","format-standard","hentry","category-arquitectura","category-arte-romanica","category-escultura","tag-capiteis-romanicos","tag-espanha","tag-galicia","tag-galiza","tag-romanesque","tag-romanico","tag-santo-estevao-de-ribas-de-sil","tag-santo-estevo-de-ribas-de-sil","tag-spain"],"_links":{"self":[{"href":"https:\/\/arte.vmribeiro.net\/index.php?rest_route=\/wp\/v2\/posts\/876","targetHints":{"allow":["GET"]}}],"collection":[{"href":"https:\/\/arte.vmribeiro.net\/index.php?rest_route=\/wp\/v2\/posts"}],"about":[{"href":"https:\/\/arte.vmribeiro.net\/index.php?rest_route=\/wp\/v2\/types\/post"}],"author":[{"embeddable":true,"href":"https:\/\/arte.vmribeiro.net\/index.php?rest_route=\/wp\/v2\/users\/1"}],"replies":[{"embeddable":true,"href":"https:\/\/arte.vmribeiro.net\/index.php?rest_route=%2Fwp%2Fv2%2Fcomments&post=876"}],"version-history":[{"count":1,"href":"https:\/\/arte.vmribeiro.net\/index.php?rest_route=\/wp\/v2\/posts\/876\/revisions"}],"predecessor-version":[{"id":877,"href":"https:\/\/arte.vmribeiro.net\/index.php?rest_route=\/wp\/v2\/posts\/876\/revisions\/877"}],"wp:attachment":[{"href":"https:\/\/arte.vmribeiro.net\/index.php?rest_route=%2Fwp%2Fv2%2Fmedia&parent=876"}],"wp:term":[{"taxonomy":"category","embeddable":true,"href":"https:\/\/arte.vmribeiro.net\/index.php?rest_route=%2Fwp%2Fv2%2Fcategories&post=876"},{"taxonomy":"post_tag","embeddable":true,"href":"https:\/\/arte.vmribeiro.net\/index.php?rest_route=%2Fwp%2Fv2%2Ftags&post=876"}],"curies":[{"name":"wp","href":"https:\/\/api.w.org\/{rel}","templated":true}]}}