{"id":883,"date":"2018-10-13T21:02:17","date_gmt":"2018-10-13T21:02:17","guid":{"rendered":"http:\/\/arte.vmribeiro.net\/?p=883"},"modified":"2018-10-13T21:02:17","modified_gmt":"2018-10-13T21:02:17","slug":"igreja-de-santa-comba-de-bande","status":"publish","type":"post","link":"https:\/\/arte.vmribeiro.net\/?p=883","title":{"rendered":"Igreja de Santa Comba de Bande"},"content":{"rendered":"<p><img loading=\"lazy\" decoding=\"async\" class=\"alignnone size-full\" src=\"https:\/\/rabiscos355365227.files.wordpress.com\/2018\/10\/40318667_2220868918196685_437356326478151680_o.jpg?w=740\" width=\"740\" height=\"416\" \/><\/p>\n<p>\u00c9 um dos edif\u00edcios mais importantes e bonitos da arquitectura visig\u00f3tica espanhola, embora com algumas modifica\u00e7\u00f5es do pr\u00e9-rom\u00e2nico (s\u00e9culo IX), especificamente no ano de 872, durante o reinado de Afonso III, quando foi restaurado.<\/p>\n<p>Estamos diante de um templo mon\u00e1stico em cruz grega, bem constru\u00eddo com extens\u00f5es nas suas extremidades (abside no extremo leste e um p\u00f3rtico no oeste) e grande compartimenta\u00e7\u00e3o de espa\u00e7os, para acomodar diferentes categorias de pessoas, provavelmente monges de diferentes n\u00edveis de prepara\u00e7\u00e3o.<\/p>\n<p>A intersec\u00e7\u00e3o dos bra\u00e7os da cruz grega forma um transepto com um plano quadrado no qual foi constru\u00edda uma c\u00fapula em forma de prisma com uma janela em cada uma das suas faces.<\/p>\n<p><img loading=\"lazy\" decoding=\"async\" class=\"alignnone size-full\" src=\"https:\/\/rabiscos355365227.files.wordpress.com\/2018\/10\/40404157_2220868911530019_8830434343756234752_o.jpg?w=740\" width=\"740\" height=\"416\" \/><\/p>\n<p>Parece que Santa Comba de Bande \u00e9 uma das primeiras igrejas visig\u00f3ticas com esta planimetria e estrutura, influenciada pelo mart\u00edrio de S\u00e3o Frutuoso de Montelios (Braga \/ Portugal) e esta por sua vez pelo Mausol\u00e9u de Gala Plac\u00eddia e outros edif\u00edcios de Ravenna e Biz\u00e2ncio.<\/p>\n<p>Depois de Santa Comba de Bande, outras igrejas visig\u00f3ticas espanholas, mais ou menos preservadas, reproduzir\u00e3o esta planimetria e eleva\u00e7\u00e3o (embora com ligeiras modifica\u00e7\u00f5es), como S\u00e3o Pedro de la Mata e Santa Mar\u00eda de Melque, ambas na prov\u00edncia de Toledo.<\/p>\n<pre>INFO:\u00a0<a href=\"https:\/\/www.arteguias.com\/iglesia\/santacombadebande.htm\" target=\"_blank\" rel=\"noopener\">HTTPS:\/\/WWW.ARTEGUIAS.COM\/<\/a><\/pre>\n","protected":false},"excerpt":{"rendered":"<p>\u00c9 um dos edif\u00edcios mais importantes e bonitos da arquitectura visig\u00f3tica espanhola, embora com algumas modifica\u00e7\u00f5es do pr\u00e9-rom\u00e2nico (s\u00e9culo IX), especificamente no ano de 872, durante o reinado de Afonso III, quando foi restaurado. Estamos diante de um templo mon\u00e1stico em cruz grega, bem constru\u00eddo com extens\u00f5es nas suas extremidades (abside no extremo leste e &hellip; <\/p>\n<p class=\"link-more\"><a href=\"https:\/\/arte.vmribeiro.net\/?p=883\" class=\"more-link\">Continue reading<span class=\"screen-reader-text\"> &#8220;Igreja de Santa Comba de Bande&#8221;<\/span><\/a><\/p>\n","protected":false},"author":1,"featured_media":0,"comment_status":"open","ping_status":"open","sticky":false,"template":"","format":"standard","meta":{"footnotes":""},"categories":[5,3],"tags":[263,264,262,15,22,21,265,261,16],"class_list":["post-883","post","type-post","status-publish","format-standard","hentry","category-arquitectura","category-arte-romanica","tag-arquitetura-visigotica","tag-arte-visigotica","tag-bande","tag-espanha","tag-galicia","tag-galiza","tag-pre-romanico","tag-santa-comba-de-bande","tag-spain"],"_links":{"self":[{"href":"https:\/\/arte.vmribeiro.net\/index.php?rest_route=\/wp\/v2\/posts\/883","targetHints":{"allow":["GET"]}}],"collection":[{"href":"https:\/\/arte.vmribeiro.net\/index.php?rest_route=\/wp\/v2\/posts"}],"about":[{"href":"https:\/\/arte.vmribeiro.net\/index.php?rest_route=\/wp\/v2\/types\/post"}],"author":[{"embeddable":true,"href":"https:\/\/arte.vmribeiro.net\/index.php?rest_route=\/wp\/v2\/users\/1"}],"replies":[{"embeddable":true,"href":"https:\/\/arte.vmribeiro.net\/index.php?rest_route=%2Fwp%2Fv2%2Fcomments&post=883"}],"version-history":[{"count":1,"href":"https:\/\/arte.vmribeiro.net\/index.php?rest_route=\/wp\/v2\/posts\/883\/revisions"}],"predecessor-version":[{"id":884,"href":"https:\/\/arte.vmribeiro.net\/index.php?rest_route=\/wp\/v2\/posts\/883\/revisions\/884"}],"wp:attachment":[{"href":"https:\/\/arte.vmribeiro.net\/index.php?rest_route=%2Fwp%2Fv2%2Fmedia&parent=883"}],"wp:term":[{"taxonomy":"category","embeddable":true,"href":"https:\/\/arte.vmribeiro.net\/index.php?rest_route=%2Fwp%2Fv2%2Fcategories&post=883"},{"taxonomy":"post_tag","embeddable":true,"href":"https:\/\/arte.vmribeiro.net\/index.php?rest_route=%2Fwp%2Fv2%2Ftags&post=883"}],"curies":[{"name":"wp","href":"https:\/\/api.w.org\/{rel}","templated":true}]}}