{"id":887,"date":"2018-10-14T13:48:52","date_gmt":"2018-10-14T13:48:52","guid":{"rendered":"http:\/\/arte.vmribeiro.net\/?p=887"},"modified":"2018-10-14T13:56:27","modified_gmt":"2018-10-14T13:56:27","slug":"mosteiro-de-santa-cristina-de-ribas-de-sil","status":"publish","type":"post","link":"https:\/\/arte.vmribeiro.net\/?p=887","title":{"rendered":"Mosteiro de Santa Cristina de Ribas de Sil"},"content":{"rendered":"<p><img loading=\"lazy\" decoding=\"async\" class=\"alignnone size-full\" src=\"https:\/\/rabiscos355365227.files.wordpress.com\/2018\/10\/40371611_2222086888074888_1522145618112282624_o.jpg?w=740\" width=\"740\" height=\"1016\" \/><\/p>\n<p>Conjunto monacal cat\u00f3lico, situado junto ao rio Sil, rodeado de um bosque onde predominam os castanheiros, na localidade galega de Parada de Sil (Ourense), Espanha. Foi um cen\u00f3bio pertencente \u00e0 ordem beneditina, documentado desde o s\u00e9c. IX. Todavia, a igreja rom\u00e2nica actual, tem origens em finais do s\u00e9c. XII. A sua origem perde-se no ascetismo que caracterizou a regi\u00e3o na alta Idade M\u00e9dia, tornando-se um dos mais importantes da Ribeira Sacra desde o s\u00e9c. XII at\u00e9 in\u00edcios do s\u00e9c. XVI, altura em que se converteu num priorado do vizinho Santo Est\u00eav\u00e3o de Ribas de Sil. No s\u00e9c. XIX foi abandonado, como tantos outros, devido a desamortiza\u00e7\u00e3o e passou para a posse de privados.<\/p>\n<p><img loading=\"lazy\" decoding=\"async\" class=\"alignnone size-full\" src=\"https:\/\/rabiscos355365227.files.wordpress.com\/2018\/10\/40486048_2222087048074872_3487327674131546112_o.jpg?w=740\" width=\"740\" height=\"1154\" \/><\/p>\n<p>Do que sobrou, temos uma igreja rom\u00e2nica de finais do s\u00e9c. XII, com planta em cruz latina, de nave \u00fanica com cinco tramos, cruzeiro e cabeceira com tr\u00eas \u00e1bsides. Os absid\u00edolos laterais prolongam-se como bra\u00e7os do transepto.<\/p>\n<p><img loading=\"lazy\" decoding=\"async\" class=\"alignnone size-full\" src=\"https:\/\/rabiscos355365227.files.wordpress.com\/2018\/10\/40410000_2222086974741546_443337583833907200_o.jpg?w=740\" width=\"740\" height=\"1117\" \/><\/p>\n<p>A fachada principal est\u00e1 dividida em dois corpos. O portal de acesso \u00e9 composto por tr\u00eas arquivoltas que assentam sobre pares de colunas com capit\u00e9is decorados por motivos vegetais e cabe\u00e7as humanas, tendo um t\u00edmpano liso. No corpo superior temos uma ros\u00e1cea com pequenos arcos lobulados.<\/p>\n<p><img loading=\"lazy\" decoding=\"async\" class=\"alignnone size-full\" src=\"https:\/\/rabiscos355365227.files.wordpress.com\/2018\/10\/40460833_2222086978074879_2618773643500453888_o.jpg?w=740\" width=\"740\" height=\"499\" \/><\/p>\n<p>Anexa \u00e0 fachada temos uma pequena entrada rom\u00e2nica que dava acesso ao claustro. Disp\u00f5e de arquivoltas semicirculares ornamentadas com folhas de \u00e1rvore e dupla moldura geom\u00e9trica. No intradorso temos o tetramorfos.<\/p>\n<p><img loading=\"lazy\" decoding=\"async\" class=\"alignnone size-full\" src=\"https:\/\/rabiscos355365227.files.wordpress.com\/2018\/10\/40404144_2222086864741557_6927804208615784448_o.jpg?w=740\" width=\"740\" height=\"505\" \/><\/p>\n<p>O claustro foi transformado na \u00e9poca moderna, depois da reforma no s\u00e9c. XVI, quando foi incorporado no mosteiro de Santo Est\u00eav\u00e3o, restando agora apenas duas galerias. Um dos tramos (norte) est\u00e1 ocupado pela base de uma curiosa torre, aberta ao exterior com tr\u00eas arcos apontados sobre colunas.<\/p>\n<p><img loading=\"lazy\" decoding=\"async\" class=\"alignnone size-full\" src=\"https:\/\/rabiscos355365227.files.wordpress.com\/2018\/10\/29215109297_82860111d3_o-1.jpg?w=740\" width=\"740\" height=\"613\" \/><\/p>\n<p>Um dos capit\u00e9is \u00e9 muito interessante, pois est\u00e1 esculpido com harpias parecidas com as de Santo Est\u00eav\u00e3o de Ribas de Sil, a lembrar tamb\u00e9m as de mestre Mateus (Catedral de Santiago de Compostela).<\/p>\n","protected":false},"excerpt":{"rendered":"<p>Conjunto monacal cat\u00f3lico, situado junto ao rio Sil, rodeado de um bosque onde predominam os castanheiros, na localidade galega de Parada de Sil (Ourense), Espanha. Foi um cen\u00f3bio pertencente \u00e0 ordem beneditina, documentado desde o s\u00e9c. IX. Todavia, a igreja rom\u00e2nica actual, tem origens em finais do s\u00e9c. XII. A sua origem perde-se no ascetismo &hellip; <\/p>\n<p class=\"link-more\"><a href=\"https:\/\/arte.vmribeiro.net\/?p=887\" class=\"more-link\">Continue reading<span class=\"screen-reader-text\"> &#8220;Mosteiro de Santa Cristina de Ribas de Sil&#8221;<\/span><\/a><\/p>\n","protected":false},"author":1,"featured_media":0,"comment_status":"open","ping_status":"open","sticky":false,"template":"","format":"standard","meta":{"footnotes":""},"categories":[5,3,6],"tags":[170,15,22,21,38,24,136,267,241,96,266,268,16],"class_list":["post-887","post","type-post","status-publish","format-standard","hentry","category-arquitectura","category-arte-romanica","category-escultura","tag-capiteis-romanicos","tag-espanha","tag-galicia","tag-galiza","tag-monastery","tag-mosteiro","tag-portal-romanico","tag-ribeira-sacra","tag-romanesque","tag-romanico","tag-santa-cristina-de-ribas-de-sil","tag-sil","tag-spain"],"_links":{"self":[{"href":"https:\/\/arte.vmribeiro.net\/index.php?rest_route=\/wp\/v2\/posts\/887","targetHints":{"allow":["GET"]}}],"collection":[{"href":"https:\/\/arte.vmribeiro.net\/index.php?rest_route=\/wp\/v2\/posts"}],"about":[{"href":"https:\/\/arte.vmribeiro.net\/index.php?rest_route=\/wp\/v2\/types\/post"}],"author":[{"embeddable":true,"href":"https:\/\/arte.vmribeiro.net\/index.php?rest_route=\/wp\/v2\/users\/1"}],"replies":[{"embeddable":true,"href":"https:\/\/arte.vmribeiro.net\/index.php?rest_route=%2Fwp%2Fv2%2Fcomments&post=887"}],"version-history":[{"count":3,"href":"https:\/\/arte.vmribeiro.net\/index.php?rest_route=\/wp\/v2\/posts\/887\/revisions"}],"predecessor-version":[{"id":890,"href":"https:\/\/arte.vmribeiro.net\/index.php?rest_route=\/wp\/v2\/posts\/887\/revisions\/890"}],"wp:attachment":[{"href":"https:\/\/arte.vmribeiro.net\/index.php?rest_route=%2Fwp%2Fv2%2Fmedia&parent=887"}],"wp:term":[{"taxonomy":"category","embeddable":true,"href":"https:\/\/arte.vmribeiro.net\/index.php?rest_route=%2Fwp%2Fv2%2Fcategories&post=887"},{"taxonomy":"post_tag","embeddable":true,"href":"https:\/\/arte.vmribeiro.net\/index.php?rest_route=%2Fwp%2Fv2%2Ftags&post=887"}],"curies":[{"name":"wp","href":"https:\/\/api.w.org\/{rel}","templated":true}]}}