{"id":9,"date":"2010-12-20T15:19:15","date_gmt":"2010-12-20T15:19:15","guid":{"rendered":"http:\/\/arte.vmribeiro.net\/?p=9"},"modified":"2010-12-20T15:19:15","modified_gmt":"2010-12-20T15:19:15","slug":"padrao-do-salado-e-igreja-da-oliveira","status":"publish","type":"post","link":"https:\/\/arte.vmribeiro.net\/?p=9","title":{"rendered":"Padr\u00e3o do Salado e Igreja da Oliveira"},"content":{"rendered":"<figure style=\"width: 500px\" class=\"wp-caption aligncenter\"><img loading=\"lazy\" decoding=\"async\" title=\"GUIMAR\u00c3ES (Portugal): Padr\u00e3o do Salado e Igreja da Oliveira\" src=\"http:\/\/farm1.static.flickr.com\/45\/128863880_aa8c3bdc5a.jpg\" alt=\"GUIMAR\u00c3ES (Portugal): Padr\u00e3o do Salado e Igreja da Oliveira\" width=\"500\" height=\"335\" \/><figcaption class=\"wp-caption-text\">GUIMAR\u00c3ES (Portugal): Padr\u00e3o do Salado e Igreja da Oliveira<\/figcaption><\/figure>\n<p>A Igreja da Oliveira remonta ao s\u00e9culo X, fundada pela condessa Mumadona Dias. Contudo, o templo actual \u00e9 obra do final do XIV, estando a sua origem ligada aos acontecimentos da crise de 1383-85, em homenagem a Nossa Senhora da Oliveira a quem D. Jo\u00e3o I se encomendara antes da Batalha de Aljubarrota.<br \/>\nO Padr\u00e3o do Salado (ou de Nossa Senhora da Vit\u00f3ria) foi erigido em 1342, no reinado de D. Afonso IV, para comemorar a participa\u00e7\u00e3o portuguesa na Batalha do Salado. O monumento \u00e9 constitu\u00eddo por um alpendre g\u00f3tico em granito, que abriga um cruzeiro em calc\u00e1rio dourado.<\/p>\n","protected":false},"excerpt":{"rendered":"<p>A Igreja da Oliveira remonta ao s\u00e9culo X, fundada pela condessa Mumadona Dias. Contudo, o templo actual \u00e9 obra do final do XIV, estando a sua origem ligada aos acontecimentos da crise de 1383-85, em homenagem a Nossa Senhora da Oliveira a quem D. Jo\u00e3o I se encomendara antes da Batalha de Aljubarrota. O Padr\u00e3o &hellip; <\/p>\n<p class=\"link-more\"><a href=\"https:\/\/arte.vmribeiro.net\/?p=9\" class=\"more-link\">Continue reading<span class=\"screen-reader-text\"> &#8220;Padr\u00e3o do Salado e Igreja da Oliveira&#8221;<\/span><\/a><\/p>\n","protected":false},"author":1,"featured_media":0,"comment_status":"open","ping_status":"open","sticky":false,"template":"","format":"standard","meta":{"footnotes":""},"categories":[7,4],"tags":[12,9,10,11,13],"class_list":["post-9","post","type-post","status-publish","format-standard","hentry","category-arquitectura-arte-gotica","category-arte-gotica","tag-guimaraes","tag-igreja-da-oliveira","tag-oliveira-church","tag-padrao-do-salado","tag-portugal"],"_links":{"self":[{"href":"https:\/\/arte.vmribeiro.net\/index.php?rest_route=\/wp\/v2\/posts\/9","targetHints":{"allow":["GET"]}}],"collection":[{"href":"https:\/\/arte.vmribeiro.net\/index.php?rest_route=\/wp\/v2\/posts"}],"about":[{"href":"https:\/\/arte.vmribeiro.net\/index.php?rest_route=\/wp\/v2\/types\/post"}],"author":[{"embeddable":true,"href":"https:\/\/arte.vmribeiro.net\/index.php?rest_route=\/wp\/v2\/users\/1"}],"replies":[{"embeddable":true,"href":"https:\/\/arte.vmribeiro.net\/index.php?rest_route=%2Fwp%2Fv2%2Fcomments&post=9"}],"version-history":[{"count":2,"href":"https:\/\/arte.vmribeiro.net\/index.php?rest_route=\/wp\/v2\/posts\/9\/revisions"}],"predecessor-version":[{"id":11,"href":"https:\/\/arte.vmribeiro.net\/index.php?rest_route=\/wp\/v2\/posts\/9\/revisions\/11"}],"wp:attachment":[{"href":"https:\/\/arte.vmribeiro.net\/index.php?rest_route=%2Fwp%2Fv2%2Fmedia&parent=9"}],"wp:term":[{"taxonomy":"category","embeddable":true,"href":"https:\/\/arte.vmribeiro.net\/index.php?rest_route=%2Fwp%2Fv2%2Fcategories&post=9"},{"taxonomy":"post_tag","embeddable":true,"href":"https:\/\/arte.vmribeiro.net\/index.php?rest_route=%2Fwp%2Fv2%2Ftags&post=9"}],"curies":[{"name":"wp","href":"https:\/\/api.w.org\/{rel}","templated":true}]}}